{"id":10146,"date":"2023-08-21T16:57:14","date_gmt":"2023-08-21T16:57:14","guid":{"rendered":"https:\/\/centros.uepb.edu.br\/ccbsa\/?p=10146"},"modified":"2023-08-21T16:57:14","modified_gmt":"2023-08-21T16:57:14","slug":"projeto-de-extensao-com-foco-no-ensino-da-botanica-realiza-exposicao-em-homenagem-ao-dia-mundial-da-fotografia","status":"publish","type":"post","link":"https:\/\/centros.uepb.edu.br\/ccbsa\/projeto-de-extensao-com-foco-no-ensino-da-botanica-realiza-exposicao-em-homenagem-ao-dia-mundial-da-fotografia\/","title":{"rendered":"Projeto de extens\u00e3o com foco no ensino da Bot\u00e2nica realiza exposi\u00e7\u00e3o em homenagem ao Dia Mundial da Fotografia"},"content":{"rendered":"\n\t\t<style type=\"text\/css\">\n\t\t\t#gallery-1 {\n\t\t\t\tmargin: auto;\n\t\t\t}\n\t\t\t#gallery-1 .gallery-item {\n\t\t\t\tfloat: left;\n\t\t\t\tmargin-top: 10px;\n\t\t\t\ttext-align: center;\n\t\t\t\twidth: 33%;\n\t\t\t}\n\t\t\t#gallery-1 img {\n\t\t\t\tborder: 2px solid #cfcfcf;\n\t\t\t}\n\t\t\t#gallery-1 .gallery-caption {\n\t\t\t\tmargin-left: 0;\n\t\t\t}\n\t\t\t\/* see gallery_shortcode() in wp-includes\/media.php *\/\n\t\t<\/style>\n\t\t<div id='gallery-1' class='gallery galleryid-10146 gallery-columns-3 gallery-size-full'><dl class='gallery-item'>\n\t\t\t<dt class='gallery-icon landscape'>\n\t\t\t\t<a href='https:\/\/centros.uepb.edu.br\/ccbsa\/files\/2023\/08\/20230818_092924-2.png'><img loading=\"lazy\" decoding=\"async\" width=\"1200\" height=\"667\" src=\"https:\/\/centros.uepb.edu.br\/ccbsa\/files\/2023\/08\/20230818_092924-2.png\" class=\"attachment-full size-full\" alt=\"\" srcset=\"https:\/\/centros.uepb.edu.br\/ccbsa\/files\/2023\/08\/20230818_092924-2.png 1200w, https:\/\/centros.uepb.edu.br\/ccbsa\/files\/2023\/08\/20230818_092924-2-300x167.png 300w, https:\/\/centros.uepb.edu.br\/ccbsa\/files\/2023\/08\/20230818_092924-2-1120x623.png 1120w\" sizes=\"auto, (max-width: 1200px) 100vw, 1200px\" \/><\/a>\n\t\t\t<\/dt><\/dl><dl class='gallery-item'>\n\t\t\t<dt class='gallery-icon landscape'>\n\t\t\t\t<a href='https:\/\/centros.uepb.edu.br\/ccbsa\/files\/2023\/08\/20230818_093213.png'><img loading=\"lazy\" decoding=\"async\" width=\"1200\" height=\"680\" src=\"https:\/\/centros.uepb.edu.br\/ccbsa\/files\/2023\/08\/20230818_093213.png\" class=\"attachment-full size-full\" alt=\"\" srcset=\"https:\/\/centros.uepb.edu.br\/ccbsa\/files\/2023\/08\/20230818_093213.png 1200w, https:\/\/centros.uepb.edu.br\/ccbsa\/files\/2023\/08\/20230818_093213-300x170.png 300w, https:\/\/centros.uepb.edu.br\/ccbsa\/files\/2023\/08\/20230818_093213-1120x635.png 1120w\" sizes=\"auto, (max-width: 1200px) 100vw, 1200px\" \/><\/a>\n\t\t\t<\/dt><\/dl><dl class='gallery-item'>\n\t\t\t<dt class='gallery-icon landscape'>\n\t\t\t\t<a href='https:\/\/centros.uepb.edu.br\/ccbsa\/files\/2023\/08\/20230818_093352.png'><img loading=\"lazy\" decoding=\"async\" width=\"1200\" height=\"675\" src=\"https:\/\/centros.uepb.edu.br\/ccbsa\/files\/2023\/08\/20230818_093352.png\" class=\"attachment-full size-full\" alt=\"\" srcset=\"https:\/\/centros.uepb.edu.br\/ccbsa\/files\/2023\/08\/20230818_093352.png 1200w, https:\/\/centros.uepb.edu.br\/ccbsa\/files\/2023\/08\/20230818_093352-300x169.png 300w, https:\/\/centros.uepb.edu.br\/ccbsa\/files\/2023\/08\/20230818_093352-1120x630.png 1120w\" sizes=\"auto, (max-width: 1200px) 100vw, 1200px\" \/><\/a>\n\t\t\t<\/dt><\/dl><br style=\"clear: both\" \/>\n\t\t<\/div>\n\n<p>Com o objetivo de homenagear o Dia Mundial da Fotografia, o projeto de extens\u00e3o \u201cA Mobgrafia como ferramenta pedag\u00f3gica no Ensino da Bot\u00e2nica\u201d realizou, na sexta-feira (18), na Escola Estadual de Ensino Fundamental e M\u00e9dio Professor Jos\u00e9 Baptista de Mello, em Mangabeira, a exposi\u00e7\u00e3o \u201cFolhas em Foco: Entre Luz e Sombra &#8211; Uma expedi\u00e7\u00e3o Fotogr\u00e1fica\u201d.<\/p>\n<p>De acordo com a coordenadora do Projeto, a servidora Tatiana Ponce de Leon, a a\u00e7\u00e3o \u00e9 o resultado do trabalho final do curso de Mobgrafia aplicada \u00e0 bot\u00e2nica realizado junto aos estudantes da Escola Professor Jos\u00e9 Baptista de Mello. \u201cO Projeto tem como objetivo facilitar o processo de ensino e aprendizagem dos alunos incentivando o interesse dos alunos pela bot\u00e2nica a partir da fotografia de celular, a mobgrafia. Os conceitos sobre a biologia das plantas s\u00e3o passados de forma din\u00e2mica e s\u00e3o associados \u00e0 composi\u00e7\u00e3o fotogr\u00e1fica. Escolhemos as folhas como tema, por serem \u00f3rg\u00e3os fotossintetizadores das plantas que desempenham um papel fundamental na vida do nosso planeta. Elas s\u00e3o o elo vital entre a planta e o ambiente, capturando a luz solar para produzir energia e oxig\u00eanio. Al\u00e9m de seu papel biol\u00f3gico, as folhas s\u00e3o tamb\u00e9m uma fonte inesgot\u00e1vel de inspira\u00e7\u00e3o e admira\u00e7\u00e3o atrav\u00e9s de suas cores, formas, texturas e consist\u00eancia\u201d, explica.<\/p>\n<p>Al\u00e9m das oficinas e exposi\u00e7\u00f5es, o Projeto conta com um perfil no Instagram (<a href=\"https:\/\/www.instagram.com\/foconabotanica\/\">@foconabotanica<\/a>), que divulga o conhecimento cient\u00edfico sobre a Bot\u00e2nica a partir de postagens explicativas e ilustradas atrav\u00e9s de fotografias autorais realizadas pela equipe do Projeto utilizando celulares.<\/p>\n","protected":false},"excerpt":{"rendered":"<p>Com o objetivo de homenagear o Dia Mundial da Fotografia, o projeto de extens\u00e3o \u201cA Mobgrafia como ferramenta pedag\u00f3gica no Ensino da Bot\u00e2nica\u201d realizou, na sexta-feira (18), na Escola Estadual de Ensino Fundamental e M\u00e9dio Professor Jos\u00e9 Baptista de Mello, em Mangabeira, a exposi\u00e7\u00e3o \u201cFolhas em Foco: Entre Luz e Sombra &#8211; Uma expedi\u00e7\u00e3o Fotogr\u00e1fica\u201d. <a class=\"leiamais\" href=\"https:\/\/centros.uepb.edu.br\/ccbsa\/projeto-de-extensao-com-foco-no-ensino-da-botanica-realiza-exposicao-em-homenagem-ao-dia-mundial-da-fotografia\/\">Leia Mais&#8230;<\/a><\/p>\n","protected":false},"author":8,"featured_media":10147,"comment_status":"closed","ping_status":"closed","sticky":false,"template":"","format":"standard","meta":{"footnotes":""},"categories":[3,11],"tags":[],"class_list":["post-10146","post","type-post","status-publish","format-standard","has-post-thumbnail","hentry","category-noticias","category-noticias-destaque-img"],"jetpack_featured_media_url":"https:\/\/centros.uepb.edu.br\/ccbsa\/files\/2023\/08\/20230818_092847.png","_links":{"self":[{"href":"https:\/\/centros.uepb.edu.br\/ccbsa\/wp-json\/wp\/v2\/posts\/10146","targetHints":{"allow":["GET"]}}],"collection":[{"href":"https:\/\/centros.uepb.edu.br\/ccbsa\/wp-json\/wp\/v2\/posts"}],"about":[{"href":"https:\/\/centros.uepb.edu.br\/ccbsa\/wp-json\/wp\/v2\/types\/post"}],"author":[{"embeddable":true,"href":"https:\/\/centros.uepb.edu.br\/ccbsa\/wp-json\/wp\/v2\/users\/8"}],"replies":[{"embeddable":true,"href":"https:\/\/centros.uepb.edu.br\/ccbsa\/wp-json\/wp\/v2\/comments?post=10146"}],"version-history":[{"count":0,"href":"https:\/\/centros.uepb.edu.br\/ccbsa\/wp-json\/wp\/v2\/posts\/10146\/revisions"}],"wp:featuredmedia":[{"embeddable":true,"href":"https:\/\/centros.uepb.edu.br\/ccbsa\/wp-json\/wp\/v2\/media\/10147"}],"wp:attachment":[{"href":"https:\/\/centros.uepb.edu.br\/ccbsa\/wp-json\/wp\/v2\/media?parent=10146"}],"wp:term":[{"taxonomy":"category","embeddable":true,"href":"https:\/\/centros.uepb.edu.br\/ccbsa\/wp-json\/wp\/v2\/categories?post=10146"},{"taxonomy":"post_tag","embeddable":true,"href":"https:\/\/centros.uepb.edu.br\/ccbsa\/wp-json\/wp\/v2\/tags?post=10146"}],"curies":[{"name":"wp","href":"https:\/\/api.w.org\/{rel}","templated":true}]}}