{"id":10135,"date":"2023-08-14T15:07:51","date_gmt":"2023-08-14T15:07:51","guid":{"rendered":"https:\/\/centros.uepb.edu.br\/ccbsa\/?p=10135"},"modified":"2023-08-14T15:07:51","modified_gmt":"2023-08-14T15:07:51","slug":"feras-do-ccbsa-participam-de-mesa-de-dialogo-e-demais-atividades-que-marcam-o-inicio-do-periodo-letivo-2023-2","status":"publish","type":"post","link":"https:\/\/centros.uepb.edu.br\/ccbsa\/feras-do-ccbsa-participam-de-mesa-de-dialogo-e-demais-atividades-que-marcam-o-inicio-do-periodo-letivo-2023-2\/","title":{"rendered":"Feras do CCBSA participam de mesa de di\u00e1logo e demais atividades que marcam o in\u00edcio do per\u00edodo letivo 2023.2"},"content":{"rendered":"\n\t\t<style type=\"text\/css\">\n\t\t\t#gallery-1 {\n\t\t\t\tmargin: auto;\n\t\t\t}\n\t\t\t#gallery-1 .gallery-item {\n\t\t\t\tfloat: left;\n\t\t\t\tmargin-top: 10px;\n\t\t\t\ttext-align: center;\n\t\t\t\twidth: 33%;\n\t\t\t}\n\t\t\t#gallery-1 img {\n\t\t\t\tborder: 2px solid #cfcfcf;\n\t\t\t}\n\t\t\t#gallery-1 .gallery-caption {\n\t\t\t\tmargin-left: 0;\n\t\t\t}\n\t\t\t\/* see gallery_shortcode() in wp-includes\/media.php *\/\n\t\t<\/style>\n\t\t<div id='gallery-1' class='gallery galleryid-10135 gallery-columns-3 gallery-size-full'><dl class='gallery-item'>\n\t\t\t<dt class='gallery-icon landscape'>\n\t\t\t\t<a href='https:\/\/centros.uepb.edu.br\/ccbsa\/files\/2023\/08\/IMG_4390.png'><img loading=\"lazy\" decoding=\"async\" width=\"1200\" height=\"798\" src=\"https:\/\/centros.uepb.edu.br\/ccbsa\/files\/2023\/08\/IMG_4390.png\" class=\"attachment-full size-full\" alt=\"\" srcset=\"https:\/\/centros.uepb.edu.br\/ccbsa\/files\/2023\/08\/IMG_4390.png 1200w, https:\/\/centros.uepb.edu.br\/ccbsa\/files\/2023\/08\/IMG_4390-300x200.png 300w, https:\/\/centros.uepb.edu.br\/ccbsa\/files\/2023\/08\/IMG_4390-1120x745.png 1120w\" sizes=\"auto, (max-width: 1200px) 100vw, 1200px\" \/><\/a>\n\t\t\t<\/dt><\/dl><dl class='gallery-item'>\n\t\t\t<dt class='gallery-icon landscape'>\n\t\t\t\t<a href='https:\/\/centros.uepb.edu.br\/ccbsa\/files\/2023\/08\/IMG_4351.png'><img loading=\"lazy\" decoding=\"async\" width=\"1200\" height=\"680\" src=\"https:\/\/centros.uepb.edu.br\/ccbsa\/files\/2023\/08\/IMG_4351.png\" class=\"attachment-full size-full\" alt=\"\" srcset=\"https:\/\/centros.uepb.edu.br\/ccbsa\/files\/2023\/08\/IMG_4351.png 1200w, https:\/\/centros.uepb.edu.br\/ccbsa\/files\/2023\/08\/IMG_4351-300x170.png 300w, https:\/\/centros.uepb.edu.br\/ccbsa\/files\/2023\/08\/IMG_4351-1120x635.png 1120w\" sizes=\"auto, (max-width: 1200px) 100vw, 1200px\" \/><\/a>\n\t\t\t<\/dt><\/dl><dl class='gallery-item'>\n\t\t\t<dt class='gallery-icon landscape'>\n\t\t\t\t<a href='https:\/\/centros.uepb.edu.br\/ccbsa\/files\/2023\/08\/WhatsApp-Image-2023-08-07-at-20.07.14.png'><img loading=\"lazy\" decoding=\"async\" width=\"1045\" height=\"601\" src=\"https:\/\/centros.uepb.edu.br\/ccbsa\/files\/2023\/08\/WhatsApp-Image-2023-08-07-at-20.07.14.png\" class=\"attachment-full size-full\" alt=\"\" srcset=\"https:\/\/centros.uepb.edu.br\/ccbsa\/files\/2023\/08\/WhatsApp-Image-2023-08-07-at-20.07.14.png 1045w, https:\/\/centros.uepb.edu.br\/ccbsa\/files\/2023\/08\/WhatsApp-Image-2023-08-07-at-20.07.14-300x173.png 300w\" sizes=\"auto, (max-width: 1045px) 100vw, 1045px\" \/><\/a>\n\t\t\t<\/dt><\/dl><br style=\"clear: both\" \/>\n\t\t<\/div>\n\n<p>Com uma mesa de acolhida composta pelos gestores e gestoras do Centro de Ci\u00eancias Biol\u00f3gicas e Sociais Aplicadas (CCBSA) da Universidade Estadual da Para\u00edba (UEPB), foi realizada, na segunda-feira (7) a programa\u00e7\u00e3o de in\u00edcio do per\u00edodo letivo 2023.2 e acolhida aos feras. Al\u00e9m da programa\u00e7\u00e3o integrada realizada neste primeiro dia de evento nos turnos da manh\u00e3 e noite, durante a semana, os cursos do C\u00e2mpus V devem realizar a\u00e7\u00f5es espec\u00edficas destinadas aos estudantes de cada gradua\u00e7\u00e3o.<\/p>\n<p>Nos turnos da manh\u00e3 e noite, foi realizada a mesa \u201cSa\u00fade mental, o futuro do clima e o combate \u00e0 desinforma\u00e7\u00e3o: desafios interconectados para a sociedade contempor\u00e2nea\u201d, com a participa\u00e7\u00e3o da Psic\u00f3loga e docente do Programa de P\u00f3s-gradua\u00e7\u00e3o em Psicologia da Sa\u00fade da UEPB, professora Josev\u00e2nia Silva; do professor do Departamento de Ci\u00eancias Biol\u00f3gicas do CCBSA, professor Cleber Salimon; da t\u00e9cnica administrativa do CCBSA Juliana Marques e do professor do curso de Ci\u00eancias Biol\u00f3gicas da UEPB, Vancarder Sousa.<\/p>\n<p>Al\u00e9m dessas atividades destinadas a toda a comunidade acad\u00eamica, o Centro Acad\u00eamico de Arquivologia realizou uma atividade em parceria com o Arquivo P\u00fablico na ter\u00e7a-feira (8); um caf\u00e9 liter\u00e1rio na quarta-feira (9); na quinta-feira (10) um trote solid\u00e1rio com a atl\u00e9tica na quadra do CCBSA; na sexta-feira (11) uma palestra sobre a mulher no mercado de trabalho: um caminho percorrido entre desafios e conquistas; no dia 17 de agosto, ser\u00e1 promovida a calourada em parceria com o Centro Acad\u00eamico de Rela\u00e7\u00f5es Internacionais, e no dia 19 de agosto, \u00e0s 8h, ser\u00e1 encerrada a programa\u00e7\u00e3o com o Peddy-paper, a ser realizada pelo Projeto SESA no Centro Hist\u00f3rico de Jo\u00e3o Pessoa.<\/p>\n<p>Como parte da programa\u00e7\u00e3o destinada exclusivamente ao Bacharelado em Rela\u00e7\u00f5es Internacionais, o Centro Acad\u00eamico M\u00f4nica de Menezes Campos promoveu, na quarta-feira (9), uma mesa com os coordenadores Carlos Enrique Ruiz e Filipe Reis, e a secret\u00e1ria de curso Mariana N\u00f3brega, para apresentar o curso, os projetos de pesquisa e extens\u00e3o e elucida algumas d\u00favidas que possam ser apresentadas. Na sequ\u00eancia, ser\u00e1 realizada a visita guiada pelo C\u00e2mpus.<\/p>\n<p>As atividades prosseguem na quinta-feira (10), com a palestra \u201cRela\u00e7\u00f5es Internacionais: do cl\u00e1ssico ao contempor\u00e2neo\u201d, que ser\u00e1 realizada nos turnos da manh\u00e3 e noite, e contar\u00e1 com a participa\u00e7\u00e3o da professora Raquel Melo, do pesquisador que est\u00e1 em p\u00f3s-doutorado no Programa de P\u00f3s-gradua\u00e7\u00e3o em Rela\u00e7\u00f5es Internacionais, Andr\u00e9 Pini e do professor visitante do Departamento de Rela\u00e7\u00f5es Internacionais Bernardo Rodrigues. Na sexta-feira (11) foi realizada uma din\u00e2mica de intera\u00e7\u00e3o com a Empresa Jr. de Rela\u00e7\u00f5es Internacionais Eleven, e uma roda de conversa com ex-alunos.<\/p>\n<p>J\u00e1 os feras de Ci\u00eancias Biol\u00f3gicas tiveram a apresenta\u00e7\u00e3o dos detalhes do curso no per\u00edodo das aulas. De acordo com a coordena\u00e7\u00e3o de curso, est\u00e1 sendo preparada uma programa\u00e7\u00e3o especial com palestras e outras a\u00e7\u00f5es destinadas ao p\u00fablico do bacharelado e licenciatura a serem realizadas em setembro, alusivas ao dia de bi\u00f3logo, comemorado em 3 de setembro.<\/p>\n<p><em><strong>Texto:<\/strong> Juliana Marques<\/em><\/p>\n","protected":false},"excerpt":{"rendered":"<p>Com uma mesa de acolhida composta pelos gestores e gestoras do Centro de Ci\u00eancias Biol\u00f3gicas e Sociais Aplicadas (CCBSA) da Universidade Estadual da Para\u00edba (UEPB), foi realizada, na segunda-feira (7) a programa\u00e7\u00e3o de in\u00edcio do per\u00edodo letivo 2023.2 e acolhida aos feras. Al\u00e9m da programa\u00e7\u00e3o integrada realizada neste primeiro dia de evento nos turnos da <a class=\"leiamais\" href=\"https:\/\/centros.uepb.edu.br\/ccbsa\/feras-do-ccbsa-participam-de-mesa-de-dialogo-e-demais-atividades-que-marcam-o-inicio-do-periodo-letivo-2023-2\/\">Leia Mais&#8230;<\/a><\/p>\n","protected":false},"author":8,"featured_media":10137,"comment_status":"closed","ping_status":"closed","sticky":false,"template":"","format":"standard","meta":{"footnotes":""},"categories":[11],"tags":[],"class_list":["post-10135","post","type-post","status-publish","format-standard","has-post-thumbnail","hentry","category-noticias-destaque-img"],"jetpack_featured_media_url":"https:\/\/centros.uepb.edu.br\/ccbsa\/files\/2023\/08\/IMG_4351.png","_links":{"self":[{"href":"https:\/\/centros.uepb.edu.br\/ccbsa\/wp-json\/wp\/v2\/posts\/10135","targetHints":{"allow":["GET"]}}],"collection":[{"href":"https:\/\/centros.uepb.edu.br\/ccbsa\/wp-json\/wp\/v2\/posts"}],"about":[{"href":"https:\/\/centros.uepb.edu.br\/ccbsa\/wp-json\/wp\/v2\/types\/post"}],"author":[{"embeddable":true,"href":"https:\/\/centros.uepb.edu.br\/ccbsa\/wp-json\/wp\/v2\/users\/8"}],"replies":[{"embeddable":true,"href":"https:\/\/centros.uepb.edu.br\/ccbsa\/wp-json\/wp\/v2\/comments?post=10135"}],"version-history":[{"count":0,"href":"https:\/\/centros.uepb.edu.br\/ccbsa\/wp-json\/wp\/v2\/posts\/10135\/revisions"}],"wp:featuredmedia":[{"embeddable":true,"href":"https:\/\/centros.uepb.edu.br\/ccbsa\/wp-json\/wp\/v2\/media\/10137"}],"wp:attachment":[{"href":"https:\/\/centros.uepb.edu.br\/ccbsa\/wp-json\/wp\/v2\/media?parent=10135"}],"wp:term":[{"taxonomy":"category","embeddable":true,"href":"https:\/\/centros.uepb.edu.br\/ccbsa\/wp-json\/wp\/v2\/categories?post=10135"},{"taxonomy":"post_tag","embeddable":true,"href":"https:\/\/centros.uepb.edu.br\/ccbsa\/wp-json\/wp\/v2\/tags?post=10135"}],"curies":[{"name":"wp","href":"https:\/\/api.w.org\/{rel}","templated":true}]}}