{"id":10130,"date":"2023-08-14T14:50:36","date_gmt":"2023-08-14T14:50:36","guid":{"rendered":"https:\/\/centros.uepb.edu.br\/ccbsa\/?p=10130"},"modified":"2023-08-14T14:50:36","modified_gmt":"2023-08-14T14:50:36","slug":"uepb-sedia-forum-universitario-do-mercosul-e-consolida-se-em-eventos-na-area-de-relacoes-internacionais","status":"publish","type":"post","link":"https:\/\/centros.uepb.edu.br\/ccbsa\/uepb-sedia-forum-universitario-do-mercosul-e-consolida-se-em-eventos-na-area-de-relacoes-internacionais\/","title":{"rendered":"UEPB sedia F\u00f3rum Universit\u00e1rio do Mercosul e consolida-se em eventos na \u00e1rea de Rela\u00e7\u00f5es Internacionais"},"content":{"rendered":"<p><a href=\"https:\/\/centros.uepb.edu.br\/ccbsa\/files\/2023\/08\/FOMERCO.png\"><img loading=\"lazy\" decoding=\"async\" class=\"aligncenter size-full wp-image-10131 img-responsive\" src=\"https:\/\/centros.uepb.edu.br\/ccbsa\/files\/2023\/08\/FOMERCO.png\" alt=\"\" width=\"1200\" height=\"680\" srcset=\"https:\/\/centros.uepb.edu.br\/ccbsa\/files\/2023\/08\/FOMERCO.png 1200w, https:\/\/centros.uepb.edu.br\/ccbsa\/files\/2023\/08\/FOMERCO-300x170.png 300w, https:\/\/centros.uepb.edu.br\/ccbsa\/files\/2023\/08\/FOMERCO-1120x635.png 1120w\" sizes=\"auto, (max-width: 1200px) 100vw, 1200px\" \/><\/a><\/p>\n<p>Com uma presen\u00e7a consolidada em eventos nacionais e internacionais da \u00e1rea, o curso de Rela\u00e7\u00f5es Internacionais da Universidade Estadual da Para\u00edba (UEPB) ir\u00e1 sediar, entre os dias 22 e 24 de novembro, no C\u00e2mpus de Jo\u00e3o Pessoa, o 19\u00ba F\u00f3rum Universit\u00e1rio Mercosul (FoMerco). O envio de resumos para serem apresentados durante o Evento, que ter\u00e1 o tema \u201cIntegra\u00e7\u00e3o em tempos de desglobaliza\u00e7\u00e3o\u201d, deve ser realizado at\u00e9 o dia 3 de setembro.<\/p>\n<p>A programa\u00e7\u00e3o do evento conta com minicursos, confer\u00eancias, mesas de di\u00e1logo, reuni\u00f5es e apresenta\u00e7\u00f5es de trabalhos nos seguintes eixos: \u201cTerrit\u00f3rio, fronteira, migra\u00e7\u00f5es e Direitos Humanos\u201d; \u201cMovimentos sociais, democracia e conflitos socioambientais\u201d; \u201cIntegra\u00e7\u00e3o e coopera\u00e7\u00e3o econ\u00f4mica regional\u201d, \u201cIntegra\u00e7\u00e3o pol\u00edtica: converg\u00eancias e diverg\u00eancias\u201d; \u201cClasses Sociais, Estado e Integra\u00e7\u00e3o Regional na Periferia Capitalista\u201d; \u201cEstado e atores institucionais da integra\u00e7\u00e3o regional\u201d; \u201cComunica\u00e7\u00e3o, informa\u00e7\u00e3o e poder\u201d; \u201cIdeias, intelectuais e paradigmas: as trajet\u00f3rias do pensamento Latino-Americano\u201d; \u201cPol\u00edticas p\u00fablicas, desenvolvimento e integra\u00e7\u00e3o\u201d; \u201cUniversidades, integra\u00e7\u00e3o e desenvolvimento regional\u201d; \u201cCulturas, din\u00e2micas nacionais e rela\u00e7\u00f5es internacionais\u201d; \u201cSeguran\u00e7a, defesa e pol\u00edtica externa\u201d; \u201cAm\u00e9rica Latina e o Sul Global: novas abordagens, velhos problemas\u201d.<\/p>\n<p>O FoMerco \u00e9 uma rede de pesquisadores de distintas nacionalidades que se re\u00fanem a cada dois anos com o prop\u00f3sito de discutir e analisar as implica\u00e7\u00f5es, as trajet\u00f3rias, os problemas e os avan\u00e7os relativos ao processo de integra\u00e7\u00e3o latino-americana. O F\u00f3rum busca refletir sobre a integra\u00e7\u00e3o nestas primeiras d\u00e9cadas do s\u00e9culo XXI, que possa incidir sobre a continuidade, a corre\u00e7\u00e3o de rota e os ajustes das pol\u00edticas p\u00fablicas que promovam e consolidem a agenda da integra\u00e7\u00e3o como instrumento efetivo de autonomia e desenvolvimento da regi\u00e3o. Em suma, o FoMerco tem como miss\u00e3o produzir, articular e divulgar conhecimento para aperfei\u00e7oar a agenda das pol\u00edticas p\u00fablicas de integra\u00e7\u00e3o no continente americano.<\/p>\n<p>Os pesquisadores no FoMerco perseguem o objetivo de entender o alcance de uma integra\u00e7\u00e3o ampliada, que associa os crit\u00e9rios diplom\u00e1ticos e econ\u00f4mico-comerciais a uma pretens\u00e3o simultaneamente pol\u00edtica, social e cultural, e que abrange m\u00faltiplos organismos regionais, dentre os quais somam-se ao Mercosul, a Comunidade de Estados Latino-Americanos e Caribenhos (Celac) e a Uni\u00e3o Sul-Americana das Na\u00e7\u00f5es (Unasul).<\/p>\n<p>Desde a cria\u00e7\u00e3o do FoMerco, em 2000, o Evento j\u00e1 passou por todas as regi\u00f5es do Brasil, al\u00e9m de ter sido sediado no Paraguai, Uruguai e Argentina, e esta ser\u00e1 a primeira vez que \u00e9 realizado na Para\u00edba. Al\u00e9m de participantes de Rela\u00e7\u00f5es Internacionais, o Evento congrega pesquisadores de Sociologia, Antropologia, Direito, Economia, Ci\u00eancia Pol\u00edtica e Hist\u00f3ria, com interesse na tem\u00e1tica da integra\u00e7\u00e3o da Am\u00e9rica Latina.<\/p>\n<p>De acordo com o coordenador adjunto do curso de Rela\u00e7\u00f5es Internacionais da UEPB e atual presidente do FoMerco, professor Filipe Reis, a UEPB mant\u00e9m uma rela\u00e7\u00e3o de parceria com o FoMerco, seja por meio da participa\u00e7\u00e3o nos Congresso ou na efetiva\u00e7\u00e3o de conv\u00eanios. \u201cEm 2015, quando o Congresso foi realizado em Assun\u00e7\u00e3o, no Paraguai, a UEPB fretou um \u00f4nibus para levar nossa delega\u00e7\u00e3o com 32 estudantes de Rela\u00e7\u00f5es Internacionais. Al\u00e9m disso, a Editora da UEPB (EDUEPB) j\u00e1 publicou um livro organizado pelo FoMerco. S\u00e3o iniciativas que refor\u00e7am o v\u00ednculo entre UEPB e o referido F\u00f3rum\u201d, avalia.<\/p>\n<p>As inscri\u00e7\u00f5es para o Evento ocorrem na p\u00e1gina do <a href=\"https:\/\/www.congresso2023.fomerco.com.br\/inscricoes\/capa\">Congresso.<\/a><\/p>\n\n\t\t<style type=\"text\/css\">\n\t\t\t#gallery-1 {\n\t\t\t\tmargin: auto;\n\t\t\t}\n\t\t\t#gallery-1 .gallery-item {\n\t\t\t\tfloat: left;\n\t\t\t\tmargin-top: 10px;\n\t\t\t\ttext-align: center;\n\t\t\t\twidth: 33%;\n\t\t\t}\n\t\t\t#gallery-1 img {\n\t\t\t\tborder: 2px solid #cfcfcf;\n\t\t\t}\n\t\t\t#gallery-1 .gallery-caption {\n\t\t\t\tmargin-left: 0;\n\t\t\t}\n\t\t\t\/* see gallery_shortcode() in wp-includes\/media.php *\/\n\t\t<\/style>\n\t\t<div id='gallery-1' class='gallery galleryid-10130 gallery-columns-3 gallery-size-full'><dl class='gallery-item'>\n\t\t\t<dt class='gallery-icon landscape'>\n\t\t\t\t<a href='https:\/\/centros.uepb.edu.br\/ccbsa\/files\/2023\/08\/SIMULACAO-UNIAO-EUROPEIA-2.png'><img loading=\"lazy\" decoding=\"async\" width=\"1200\" height=\"1006\" src=\"https:\/\/centros.uepb.edu.br\/ccbsa\/files\/2023\/08\/SIMULACAO-UNIAO-EUROPEIA-2.png\" class=\"attachment-full size-full\" alt=\"\" srcset=\"https:\/\/centros.uepb.edu.br\/ccbsa\/files\/2023\/08\/SIMULACAO-UNIAO-EUROPEIA-2.png 1200w, https:\/\/centros.uepb.edu.br\/ccbsa\/files\/2023\/08\/SIMULACAO-UNIAO-EUROPEIA-2-300x252.png 300w, https:\/\/centros.uepb.edu.br\/ccbsa\/files\/2023\/08\/SIMULACAO-UNIAO-EUROPEIA-2-950x796.png 950w\" sizes=\"auto, (max-width: 1200px) 100vw, 1200px\" \/><\/a>\n\t\t\t<\/dt><\/dl><dl class='gallery-item'>\n\t\t\t<dt class='gallery-icon landscape'>\n\t\t\t\t<a href='https:\/\/centros.uepb.edu.br\/ccbsa\/files\/2023\/08\/SIMULACAO-UNIAO-EUROPEIA.png'><img loading=\"lazy\" decoding=\"async\" width=\"1200\" height=\"807\" src=\"https:\/\/centros.uepb.edu.br\/ccbsa\/files\/2023\/08\/SIMULACAO-UNIAO-EUROPEIA.png\" class=\"attachment-full size-full\" alt=\"\" srcset=\"https:\/\/centros.uepb.edu.br\/ccbsa\/files\/2023\/08\/SIMULACAO-UNIAO-EUROPEIA.png 1200w, https:\/\/centros.uepb.edu.br\/ccbsa\/files\/2023\/08\/SIMULACAO-UNIAO-EUROPEIA-300x202.png 300w, https:\/\/centros.uepb.edu.br\/ccbsa\/files\/2023\/08\/SIMULACAO-UNIAO-EUROPEIA-1120x753.png 1120w\" sizes=\"auto, (max-width: 1200px) 100vw, 1200px\" \/><\/a>\n\t\t\t<\/dt><\/dl>\n\t\t\t<br style='clear: both' \/>\n\t\t<\/div>\n\n<p><strong>Simula\u00e7\u00e3o da Uni\u00e3o Europeia no Brasil<\/strong><\/p>\n<p>Com a perspectiva de possibilitar uma forma\u00e7\u00e3o pr\u00e1tica aos discentes do curso, o bacharelado em Rela\u00e7\u00f5es Internacionais da UEPB tem promovido diversos eventos para dialogar sobre tem\u00e1ticas emergentes na \u00e1rea. Nesse sentido, al\u00e9m do FoMerco, diversas a\u00e7\u00f5es t\u00eam sido empreendidas de forma individual ou em parceria com outras entidades. \u00c9 o caso da Simula\u00e7\u00e3o da Uni\u00e3o Europeia no Brasil (SUEB), que foi realizada, de forma pioneira na Para\u00edba, nos dias 27 e 28 de julho, com o tema \u201cPol\u00edtica Europeia de Migra\u00e7\u00e3o e Asilo\u201d.<\/p>\n<p>Coordenado pela professora do curso de Rela\u00e7\u00f5es Internacionais da UEPB, Luiza Rosa de Lima, o evento contou com a participa\u00e7\u00e3o efetiva de discentes da gradua\u00e7\u00e3o em Rela\u00e7\u00f5es Internacionais e de outras institui\u00e7\u00f5es do Nordeste. Segundo a estudante do 6\u00ba per\u00edodo de Rela\u00e7\u00f5es Internacionais da UEPB e secret\u00e1ria geral do Evento, Ada Gomes, essa Simula\u00e7\u00e3o \u00e9 uma oportunidade de estudantes latino-americanos terem contato com o m\u00e9todo de funcionamento da Uni\u00e3o Europeia, al\u00e9m de desenvolver uma pr\u00e1tica desse escopo que muitas vezes \u00e9 distante da realidade vivenciada por eles.<\/p>\n<p>A SUEB \u00e9 uma iniciativa da Uni\u00e3o Europeia que busca expandir seus valores e princ\u00edpios para os estudantes do ensino superior brasileiro, fornecendo a oportunidade \u00fanica de vivenciar de perto como funciona o processo decis\u00f3rio das institui\u00e7\u00f5es da Uni\u00e3o Europeia. Esse ano, o evento foi realizado em 7 estados brasileiros.<\/p>\n<p>Texto: Juliana Marques<\/p>\n","protected":false},"excerpt":{"rendered":"<p>Com uma presen\u00e7a consolidada em eventos nacionais e internacionais da \u00e1rea, o curso de Rela\u00e7\u00f5es Internacionais da Universidade Estadual da Para\u00edba (UEPB) ir\u00e1 sediar, entre os dias 22 e 24 de novembro, no C\u00e2mpus de Jo\u00e3o Pessoa, o 19\u00ba F\u00f3rum Universit\u00e1rio Mercosul (FoMerco). O envio de resumos para serem apresentados durante o Evento, que ter\u00e1 <a class=\"leiamais\" href=\"https:\/\/centros.uepb.edu.br\/ccbsa\/uepb-sedia-forum-universitario-do-mercosul-e-consolida-se-em-eventos-na-area-de-relacoes-internacionais\/\">Leia Mais&#8230;<\/a><\/p>\n","protected":false},"author":8,"featured_media":10131,"comment_status":"closed","ping_status":"closed","sticky":false,"template":"","format":"standard","meta":{"footnotes":""},"categories":[3,11],"tags":[],"class_list":["post-10130","post","type-post","status-publish","format-standard","has-post-thumbnail","hentry","category-noticias","category-noticias-destaque-img"],"jetpack_featured_media_url":"https:\/\/centros.uepb.edu.br\/ccbsa\/files\/2023\/08\/FOMERCO.png","_links":{"self":[{"href":"https:\/\/centros.uepb.edu.br\/ccbsa\/wp-json\/wp\/v2\/posts\/10130","targetHints":{"allow":["GET"]}}],"collection":[{"href":"https:\/\/centros.uepb.edu.br\/ccbsa\/wp-json\/wp\/v2\/posts"}],"about":[{"href":"https:\/\/centros.uepb.edu.br\/ccbsa\/wp-json\/wp\/v2\/types\/post"}],"author":[{"embeddable":true,"href":"https:\/\/centros.uepb.edu.br\/ccbsa\/wp-json\/wp\/v2\/users\/8"}],"replies":[{"embeddable":true,"href":"https:\/\/centros.uepb.edu.br\/ccbsa\/wp-json\/wp\/v2\/comments?post=10130"}],"version-history":[{"count":0,"href":"https:\/\/centros.uepb.edu.br\/ccbsa\/wp-json\/wp\/v2\/posts\/10130\/revisions"}],"wp:featuredmedia":[{"embeddable":true,"href":"https:\/\/centros.uepb.edu.br\/ccbsa\/wp-json\/wp\/v2\/media\/10131"}],"wp:attachment":[{"href":"https:\/\/centros.uepb.edu.br\/ccbsa\/wp-json\/wp\/v2\/media?parent=10130"}],"wp:term":[{"taxonomy":"category","embeddable":true,"href":"https:\/\/centros.uepb.edu.br\/ccbsa\/wp-json\/wp\/v2\/categories?post=10130"},{"taxonomy":"post_tag","embeddable":true,"href":"https:\/\/centros.uepb.edu.br\/ccbsa\/wp-json\/wp\/v2\/tags?post=10130"}],"curies":[{"name":"wp","href":"https:\/\/api.w.org\/{rel}","templated":true}]}}