{"id":1011,"date":"2013-10-15T18:29:59","date_gmt":"2013-10-15T18:29:59","guid":{"rendered":"\/ccbsa\/?p=1011"},"modified":"2013-10-15T18:29:59","modified_gmt":"2013-10-15T18:29:59","slug":"professores-do-curso-de-ciencias-biologicas-ministrarao-palestras-em-evento-nacional-de-inovacao-terapeutica","status":"publish","type":"post","link":"https:\/\/centros.uepb.edu.br\/ccbsa\/professores-do-curso-de-ciencias-biologicas-ministrarao-palestras-em-evento-nacional-de-inovacao-terapeutica\/","title":{"rendered":"Professores do Curso de Ci\u00eancias Biol\u00f3gicas ministrar\u00e3o palestras em evento nacional de inova\u00e7\u00e3o terap\u00eautica"},"content":{"rendered":"<p>Os docentes do curso de Ci\u00eancias Biol\u00f3gicas do Campus V da Universidade Estadual da Para\u00edba Francisco Jaime Mendon\u00e7a J\u00fanior e Elis\u00e2ngela Mendon\u00e7a ir\u00e3o ministrar palestras, nos dias 24 e 25 deste m\u00eas, durante o 3\u00b0 Encontro Brasileiro de Inova\u00e7\u00e3o Terap\u00eautica (EBIT), a ser realizado em Recife, Pernambuco.<\/p>\n<p>A terceira edi\u00e7\u00e3o do EBIT re\u00fane estudantes, profissionais, gestores p\u00fablicos e privados de todo o pa\u00eds para discutirem o processo da pesquisa, desenvolvimento e implanta\u00e7\u00e3o de bens e servi\u00e7os priorit\u00e1rios para a sa\u00fade, como f\u00e1rmacos, medicamentos e outros insumos estrat\u00e9gicos. A perspectiva \u00e9 orientar o desenvolvimento de pol\u00edticas p\u00fablicas, conhecimentos e tecnologias que possam contribuir para o complexo industrial da sa\u00fade e o bem estar da popula\u00e7\u00e3o brasileira. Nesta edi\u00e7\u00e3o as atividades s\u00e3o norteadas pela tem\u00e1tica &#8220;Interligando compet\u00eancias cient\u00edficas, tecnol\u00f3gicas e industriais em espa\u00e7os de sa\u00fade&#8221;.<\/p>\n<p>O professor Francisco Jaime integrar\u00e1 a mesa que abordar\u00e1 o tema \u201cS\u00edntese e Planejamento de F\u00e1rmacos\u201d e a professora Elis\u00e2ngela tratar\u00e1 da tem\u00e1tica \u201cNanotecnologia Farmac\u00eautica\u201d. O convite feito aos docentes da UEPB \u00e9 um reconhecimento pelo trabalho que vem sendo desenvolvido pelos pesquisadores da institui\u00e7\u00e3o nesta \u00e1rea.<\/p>\n<p>Atualmente s\u00e3o desenvolvidos v\u00e1rios estudos no Laborat\u00f3rio de S\u00edntese e Vetoriza\u00e7\u00e3o de Mol\u00e9culas, com a participa\u00e7\u00e3o dos professores Francisco Jaime e Elis\u00e2ngela Mendon\u00e7a, buscando o desenvolvimento de novas mol\u00e9culas que possam se tornar um dia novos medicamentos para o combate de doen\u00e7as do sistema nervoso central, c\u00e2ncer, tuberculose, mal\u00e1ria, e infec\u00e7\u00f5es por micro-organismos oportunistas, em especial fungos.<\/p>\n<p>O grupo de pesquisadores do Campus V da UEPB que atua nesta \u00e1rea tem sido constantemente contemplado em diversos editais de financiamento (CNPQ, CETENE, FACEPE, PROPESQ) e tem tido expressiva contribui\u00e7\u00e3o cient\u00edfica, com a publica\u00e7\u00e3o de algumas dezenas de artigos cient\u00edficos internacionais publicados, uma centena de trabalhos apresentados em congressos, duas patentes concedidas pelo INPI e dois pedidos depositados no N\u00facleo de Inova\u00e7\u00e3o e Transfer\u00eancia e Tecnol\u00f3gica da UEPB.<\/p>\n","protected":false},"excerpt":{"rendered":"<p>Os docentes do curso de Ci\u00eancias Biol\u00f3gicas do Campus V da Universidade Estadual da Para\u00edba Francisco Jaime Mendon\u00e7a J\u00fanior e Elis\u00e2ngela Mendon\u00e7a ir\u00e3o ministrar palestras, nos dias 24 e 25 deste m\u00eas, durante o 3\u00b0 Encontro Brasileiro de Inova\u00e7\u00e3o Terap\u00eautica (EBIT), a ser realizado em Recife, Pernambuco. A terceira edi\u00e7\u00e3o do EBIT re\u00fane estudantes, profissionais, <a class=\"leiamais\" href=\"https:\/\/centros.uepb.edu.br\/ccbsa\/professores-do-curso-de-ciencias-biologicas-ministrarao-palestras-em-evento-nacional-de-inovacao-terapeutica\/\">Leia Mais&#8230;<\/a><\/p>\n","protected":false},"author":8,"featured_media":0,"comment_status":"open","ping_status":"open","sticky":false,"template":"","format":"standard","meta":{"footnotes":""},"categories":[3,5],"tags":[],"class_list":["post-1011","post","type-post","status-publish","format-standard","hentry","category-noticias","category-visiveis"],"jetpack_featured_media_url":"","_links":{"self":[{"href":"https:\/\/centros.uepb.edu.br\/ccbsa\/wp-json\/wp\/v2\/posts\/1011","targetHints":{"allow":["GET"]}}],"collection":[{"href":"https:\/\/centros.uepb.edu.br\/ccbsa\/wp-json\/wp\/v2\/posts"}],"about":[{"href":"https:\/\/centros.uepb.edu.br\/ccbsa\/wp-json\/wp\/v2\/types\/post"}],"author":[{"embeddable":true,"href":"https:\/\/centros.uepb.edu.br\/ccbsa\/wp-json\/wp\/v2\/users\/8"}],"replies":[{"embeddable":true,"href":"https:\/\/centros.uepb.edu.br\/ccbsa\/wp-json\/wp\/v2\/comments?post=1011"}],"version-history":[{"count":0,"href":"https:\/\/centros.uepb.edu.br\/ccbsa\/wp-json\/wp\/v2\/posts\/1011\/revisions"}],"wp:attachment":[{"href":"https:\/\/centros.uepb.edu.br\/ccbsa\/wp-json\/wp\/v2\/media?parent=1011"}],"wp:term":[{"taxonomy":"category","embeddable":true,"href":"https:\/\/centros.uepb.edu.br\/ccbsa\/wp-json\/wp\/v2\/categories?post=1011"},{"taxonomy":"post_tag","embeddable":true,"href":"https:\/\/centros.uepb.edu.br\/ccbsa\/wp-json\/wp\/v2\/tags?post=1011"}],"curies":[{"name":"wp","href":"https:\/\/api.w.org\/{rel}","templated":true}]}}