{"id":10069,"date":"2023-07-31T11:52:17","date_gmt":"2023-07-31T11:52:17","guid":{"rendered":"https:\/\/centros.uepb.edu.br\/ccbsa\/?p=10069"},"modified":"2023-07-31T13:14:15","modified_gmt":"2023-07-31T13:14:15","slug":"10069-2","status":"publish","type":"post","link":"https:\/\/centros.uepb.edu.br\/ccbsa\/10069-2\/","title":{"rendered":"Solenidade de Cola\u00e7\u00e3o de Grau do semestre 2023.1 marca a formatura de 38 novos profissionais do CCBSA"},"content":{"rendered":"\n\t\t<style type=\"text\/css\">\n\t\t\t#gallery-1 {\n\t\t\t\tmargin: auto;\n\t\t\t}\n\t\t\t#gallery-1 .gallery-item {\n\t\t\t\tfloat: left;\n\t\t\t\tmargin-top: 10px;\n\t\t\t\ttext-align: center;\n\t\t\t\twidth: 33%;\n\t\t\t}\n\t\t\t#gallery-1 img {\n\t\t\t\tborder: 2px solid #cfcfcf;\n\t\t\t}\n\t\t\t#gallery-1 .gallery-caption {\n\t\t\t\tmargin-left: 0;\n\t\t\t}\n\t\t\t\/* see gallery_shortcode() in wp-includes\/media.php *\/\n\t\t<\/style>\n\t\t<div id='gallery-1' class='gallery galleryid-10069 gallery-columns-3 gallery-size-full'><dl class='gallery-item'>\n\t\t\t<dt class='gallery-icon landscape'>\n\t\t\t\t<a href='https:\/\/centros.uepb.edu.br\/ccbsa\/files\/2023\/07\/363327074_7504707079557454_6295391130917740378_n.png'><img loading=\"lazy\" decoding=\"async\" width=\"1200\" height=\"900\" src=\"https:\/\/centros.uepb.edu.br\/ccbsa\/files\/2023\/07\/363327074_7504707079557454_6295391130917740378_n.png\" class=\"attachment-full size-full\" alt=\"\" srcset=\"https:\/\/centros.uepb.edu.br\/ccbsa\/files\/2023\/07\/363327074_7504707079557454_6295391130917740378_n.png 1200w, https:\/\/centros.uepb.edu.br\/ccbsa\/files\/2023\/07\/363327074_7504707079557454_6295391130917740378_n-300x225.png 300w, https:\/\/centros.uepb.edu.br\/ccbsa\/files\/2023\/07\/363327074_7504707079557454_6295391130917740378_n-1061x796.png 1061w\" sizes=\"auto, (max-width: 1200px) 100vw, 1200px\" \/><\/a>\n\t\t\t<\/dt><\/dl><dl class='gallery-item'>\n\t\t\t<dt class='gallery-icon landscape'>\n\t\t\t\t<a href='https:\/\/centros.uepb.edu.br\/ccbsa\/files\/2023\/07\/363307573_7504707482890747_2582879030767201286_n.png'><img loading=\"lazy\" decoding=\"async\" width=\"1200\" height=\"900\" src=\"https:\/\/centros.uepb.edu.br\/ccbsa\/files\/2023\/07\/363307573_7504707482890747_2582879030767201286_n.png\" class=\"attachment-full size-full\" alt=\"\" srcset=\"https:\/\/centros.uepb.edu.br\/ccbsa\/files\/2023\/07\/363307573_7504707482890747_2582879030767201286_n.png 1200w, https:\/\/centros.uepb.edu.br\/ccbsa\/files\/2023\/07\/363307573_7504707482890747_2582879030767201286_n-300x225.png 300w, https:\/\/centros.uepb.edu.br\/ccbsa\/files\/2023\/07\/363307573_7504707482890747_2582879030767201286_n-1061x796.png 1061w\" sizes=\"auto, (max-width: 1200px) 100vw, 1200px\" \/><\/a>\n\t\t\t<\/dt><\/dl><dl class='gallery-item'>\n\t\t\t<dt class='gallery-icon landscape'>\n\t\t\t\t<a href='https:\/\/centros.uepb.edu.br\/ccbsa\/files\/2023\/07\/363337720_7504707782890717_7297537077363481152_n.png'><img loading=\"lazy\" decoding=\"async\" width=\"1200\" height=\"900\" src=\"https:\/\/centros.uepb.edu.br\/ccbsa\/files\/2023\/07\/363337720_7504707782890717_7297537077363481152_n.png\" class=\"attachment-full size-full\" alt=\"\" srcset=\"https:\/\/centros.uepb.edu.br\/ccbsa\/files\/2023\/07\/363337720_7504707782890717_7297537077363481152_n.png 1200w, https:\/\/centros.uepb.edu.br\/ccbsa\/files\/2023\/07\/363337720_7504707782890717_7297537077363481152_n-300x225.png 300w, https:\/\/centros.uepb.edu.br\/ccbsa\/files\/2023\/07\/363337720_7504707782890717_7297537077363481152_n-1061x796.png 1061w\" sizes=\"auto, (max-width: 1200px) 100vw, 1200px\" \/><\/a>\n\t\t\t<\/dt><\/dl><br style=\"clear: both\" \/><dl class='gallery-item'>\n\t\t\t<dt class='gallery-icon landscape'>\n\t\t\t\t<a href='https:\/\/centros.uepb.edu.br\/ccbsa\/files\/2023\/07\/363335574_7504708079557354_5844126418370456268_n.png'><img loading=\"lazy\" decoding=\"async\" width=\"1200\" height=\"900\" src=\"https:\/\/centros.uepb.edu.br\/ccbsa\/files\/2023\/07\/363335574_7504708079557354_5844126418370456268_n.png\" class=\"attachment-full size-full\" alt=\"\" srcset=\"https:\/\/centros.uepb.edu.br\/ccbsa\/files\/2023\/07\/363335574_7504708079557354_5844126418370456268_n.png 1200w, https:\/\/centros.uepb.edu.br\/ccbsa\/files\/2023\/07\/363335574_7504708079557354_5844126418370456268_n-300x225.png 300w, https:\/\/centros.uepb.edu.br\/ccbsa\/files\/2023\/07\/363335574_7504708079557354_5844126418370456268_n-1061x796.png 1061w\" sizes=\"auto, (max-width: 1200px) 100vw, 1200px\" \/><\/a>\n\t\t\t<\/dt><\/dl><dl class='gallery-item'>\n\t\t\t<dt class='gallery-icon portrait'>\n\t\t\t\t<a href='https:\/\/centros.uepb.edu.br\/ccbsa\/files\/2023\/07\/363329362_7504708566223972_3346822484366782483_n.png'><img loading=\"lazy\" decoding=\"async\" width=\"1200\" height=\"1600\" src=\"https:\/\/centros.uepb.edu.br\/ccbsa\/files\/2023\/07\/363329362_7504708566223972_3346822484366782483_n.png\" class=\"attachment-full size-full\" alt=\"\" srcset=\"https:\/\/centros.uepb.edu.br\/ccbsa\/files\/2023\/07\/363329362_7504708566223972_3346822484366782483_n.png 1200w, https:\/\/centros.uepb.edu.br\/ccbsa\/files\/2023\/07\/363329362_7504708566223972_3346822484366782483_n-225x300.png 225w, https:\/\/centros.uepb.edu.br\/ccbsa\/files\/2023\/07\/363329362_7504708566223972_3346822484366782483_n-1152x1536.png 1152w, https:\/\/centros.uepb.edu.br\/ccbsa\/files\/2023\/07\/363329362_7504708566223972_3346822484366782483_n-597x796.png 597w\" sizes=\"auto, (max-width: 1200px) 100vw, 1200px\" \/><\/a>\n\t\t\t<\/dt><\/dl>\n\t\t\t<br style='clear: both' \/>\n\t\t<\/div>\n\n<p>A manh\u00e3 desta ter\u00e7a-feira (25) foi hist\u00f3rica e inesquec\u00edvel para os formandos do Centro de Ci\u00eancias Biol\u00f3gicas e Sociais Aplicadas (CCBSA) da Universidade Estadual da Para\u00edba (UEPB), C\u00e2mpus V, de Jo\u00e3o Pessoa. Ap\u00f3s uma jornada de quatro anos na Institui\u00e7\u00e3o, os concluintes e as concluintes colaram o grau acad\u00eamico e s\u00e3o os mais novos profissionais formados e j\u00e1 aptos a ingressarem no mercado de trabalho. Ao todo, 38 discentes participaram da solenidade, sendo 24 do curso de Rela\u00e7\u00f5es Internacionais, nove de Arquivologia, tr\u00eas de Ci\u00eancias Biol\u00f3gicas e dois de Administra\u00e7\u00e3o<\/p>\n<p>A cerim\u00f4nia realizada no audit\u00f3rio da Universidade Federal da Para\u00edba (UFPB) e foi presidida pela reitora Celia Regina Diniz. Compuseram a mesa de honra a vice-reitora, professora Ivonildes Fonseca; o pr\u00f3-reitor de Gradua\u00e7\u00e3o, professor Eli Brand\u00e3o; o diretor do CCBSA, professor Cleber Ibraim Salimon; a coordenadora do curso de Arquivologia, professora Eliete Correia dos Santos; a coordenadora do curso de Ci\u00eancias Biol\u00f3gicas, professora Brigida Lucena; o coordenador do curso de Rela\u00e7\u00f5es Internacionais, professor Carlos Enrique Ruiz; e a coordenadora do polo de Educa\u00e7\u00e3o a Dist\u00e2ncia, professora Suely Mesquita;<\/p>\n<p>O primeiro ato do evento e que deu uma dimens\u00e3o da grandiosidade da solenidade, com todo o seu significado, foi a entrada dos formandos dos cursos de Arquivologia, Ci\u00eancias Biol\u00f3gicas, Rela\u00e7\u00f5es Internacionais e Administra\u00e7\u00e3o P\u00fablica, seguido da entrada da congrega\u00e7\u00e3o de professores, respons\u00e1veis pela transmiss\u00e3o dos conhecimentos e saberes. A congrega\u00e7\u00e3o foi muito aplaudida como forma de reconhecimento pela bela miss\u00e3o na jornada acad\u00eamica.<\/p>\n<p>Conforme rege o protocolo, a formanda Ana Clara Martins Diniz, do curso de Rela\u00e7\u00f5es Internacionais, foi a respons\u00e1vel por conduzir o juramento da turma. Com bra\u00e7os estendidos, devidamente vestidos com a beca preta, todos repetiram as palavras da juramentista. Juramento feito, foi a vez dos formandos e convidados relembrarem um pouco da caminhada em busca da gradua\u00e7\u00e3o.<\/p>\n<p>A miss\u00e3o de expressar o sentimento das turmas, a alegria de concluir um curso superior e descrever os desafios enfrentados durante a incans\u00e1vel jornada acad\u00eamica, foi da graduanda Caroline de Oliveira Brito, do curso de Rela\u00e7\u00f5es Internacionais. Ela foi escolhida como oradora oficial e fez quest\u00e3o de levar a sua m\u00e3e para testemunhar o momento de vit\u00f3ria. Ap\u00f3s saudar a todos, a oradora destacou os principais momentos vivenciados pelos graduandos ao longo do curso. Citou os trabalhos, projetos, pesquisas e o compartilhamento de sonhos.<\/p>\n<p>Ela destacou que a cola\u00e7\u00e3o de grau era um momento de vit\u00f3ria e o coroamento de uma jornada. Persist\u00eancia, esperan\u00e7a, esfor\u00e7o e desafios marcaram o discurso da oradora. Ela tamb\u00e9m fez men\u00e7\u00e3o a pandemia da covid-19, que tornou a jornada mais desafiadora. Caroline de Oliveira lembrou que a cola\u00e7\u00e3o de grau \u00e9 apenas o come\u00e7o de uma nova jornada e que um novo horizonte se deslumbra. Em seu discurso, ela tamb\u00e9m reconheceu o papel dos t\u00e9cnicos administrativos do CCBSA e dos professores e professoras na forma\u00e7\u00e3o de todos, al\u00e9m de ter expressado gratid\u00e3o aos familiares.<\/p>\n<p>Recepcionada por uma comiss\u00e3o de honra, formada pelos concluintes dos quatro cursos, a professora Anna Beatriz Leite Henriques de Lucena, escolhida como paraninfa geral das turmas, fez um discurso emocionado. A homenageada enfatizou j\u00e1 no come\u00e7o de sua fala que o dia 25 de julho foi marcante para os graduandos e graduandas que, enfim, alcan\u00e7aram o t\u00e9rmino do curso superior. Ela inda destacou que a cola\u00e7\u00e3o de grau \u00e9 um momento de celebra\u00e7\u00e3o e que cada um dos formandos carrega uma hist\u00f3ria de supera\u00e7\u00e3o e perseveran\u00e7a.<\/p>\n<p>Ao celebrar o sucesso dos formandos, a professora Anna Beatriz Leite Henriques de Lucena pediu para eles usarem o conhecimento adquirido em favor do bem comum e de uma sociedade justa e fraterna. \u201cObrigado pela honra de estar aqui e parab\u00e9ns pela conquista\u201d, encerrou seu discurso sob forte aplausos dos formandos.<\/p>\n<p>Marcante tamb\u00e9m foi o discurso do pr\u00f3-reitor de Gradua\u00e7\u00e3o, professor Eli Brand\u00e3o. Sempre profundo nas palavras, ele destacou que este dia 25 de julho se transformou para os formandos, formandas e todos os que fazem a UEPB em uma grande celebra\u00e7\u00e3o. Destacou o simbolismo e o significado da data que consiste em uma presta\u00e7\u00e3o de contas da UEPB. Somente este semestre, mais de 700 graduandos dever\u00e3o colar grau acad\u00eamico at\u00e9 a pr\u00f3xima sexta-feira (28) em mais uma boa semeadura da Institui\u00e7\u00e3o.<\/p>\n\n\t\t<style type=\"text\/css\">\n\t\t\t#gallery-2 {\n\t\t\t\tmargin: auto;\n\t\t\t}\n\t\t\t#gallery-2 .gallery-item {\n\t\t\t\tfloat: left;\n\t\t\t\tmargin-top: 10px;\n\t\t\t\ttext-align: center;\n\t\t\t\twidth: 33%;\n\t\t\t}\n\t\t\t#gallery-2 img {\n\t\t\t\tborder: 2px solid #cfcfcf;\n\t\t\t}\n\t\t\t#gallery-2 .gallery-caption {\n\t\t\t\tmargin-left: 0;\n\t\t\t}\n\t\t\t\/* see gallery_shortcode() in wp-includes\/media.php *\/\n\t\t<\/style>\n\t\t<div id='gallery-2' class='gallery galleryid-10069 gallery-columns-3 gallery-size-full'><dl class='gallery-item'>\n\t\t\t<dt class='gallery-icon landscape'>\n\t\t\t\t<a href='https:\/\/centros.uepb.edu.br\/ccbsa\/files\/2023\/07\/363296287_7504708726223956_1286502293149357827_n.png'><img loading=\"lazy\" decoding=\"async\" width=\"1200\" height=\"900\" src=\"https:\/\/centros.uepb.edu.br\/ccbsa\/files\/2023\/07\/363296287_7504708726223956_1286502293149357827_n.png\" class=\"attachment-full size-full\" alt=\"\" srcset=\"https:\/\/centros.uepb.edu.br\/ccbsa\/files\/2023\/07\/363296287_7504708726223956_1286502293149357827_n.png 1200w, https:\/\/centros.uepb.edu.br\/ccbsa\/files\/2023\/07\/363296287_7504708726223956_1286502293149357827_n-300x225.png 300w, https:\/\/centros.uepb.edu.br\/ccbsa\/files\/2023\/07\/363296287_7504708726223956_1286502293149357827_n-1061x796.png 1061w\" sizes=\"auto, (max-width: 1200px) 100vw, 1200px\" \/><\/a>\n\t\t\t<\/dt><\/dl><dl class='gallery-item'>\n\t\t\t<dt class='gallery-icon landscape'>\n\t\t\t\t<a href='https:\/\/centros.uepb.edu.br\/ccbsa\/files\/2023\/07\/363323716_7504709242890571_5169802306039140409_n.png'><img loading=\"lazy\" decoding=\"async\" width=\"1200\" height=\"900\" src=\"https:\/\/centros.uepb.edu.br\/ccbsa\/files\/2023\/07\/363323716_7504709242890571_5169802306039140409_n.png\" class=\"attachment-full size-full\" alt=\"\" srcset=\"https:\/\/centros.uepb.edu.br\/ccbsa\/files\/2023\/07\/363323716_7504709242890571_5169802306039140409_n.png 1200w, https:\/\/centros.uepb.edu.br\/ccbsa\/files\/2023\/07\/363323716_7504709242890571_5169802306039140409_n-300x225.png 300w, https:\/\/centros.uepb.edu.br\/ccbsa\/files\/2023\/07\/363323716_7504709242890571_5169802306039140409_n-1061x796.png 1061w\" sizes=\"auto, (max-width: 1200px) 100vw, 1200px\" \/><\/a>\n\t\t\t<\/dt><\/dl><dl class='gallery-item'>\n\t\t\t<dt class='gallery-icon landscape'>\n\t\t\t\t<a href='https:\/\/centros.uepb.edu.br\/ccbsa\/files\/2023\/07\/363332490_7504709612890534_7716333101284453472_n.png'><img loading=\"lazy\" decoding=\"async\" width=\"1200\" height=\"900\" src=\"https:\/\/centros.uepb.edu.br\/ccbsa\/files\/2023\/07\/363332490_7504709612890534_7716333101284453472_n.png\" class=\"attachment-full size-full\" alt=\"\" srcset=\"https:\/\/centros.uepb.edu.br\/ccbsa\/files\/2023\/07\/363332490_7504709612890534_7716333101284453472_n.png 1200w, https:\/\/centros.uepb.edu.br\/ccbsa\/files\/2023\/07\/363332490_7504709612890534_7716333101284453472_n-300x225.png 300w, https:\/\/centros.uepb.edu.br\/ccbsa\/files\/2023\/07\/363332490_7504709612890534_7716333101284453472_n-1061x796.png 1061w\" sizes=\"auto, (max-width: 1200px) 100vw, 1200px\" \/><\/a>\n\t\t\t<\/dt><\/dl><br style=\"clear: both\" \/><dl class='gallery-item'>\n\t\t\t<dt class='gallery-icon landscape'>\n\t\t\t\t<a href='https:\/\/centros.uepb.edu.br\/ccbsa\/files\/2023\/07\/363328997_7504709892890506_5465726709211395961_n.png'><img loading=\"lazy\" decoding=\"async\" width=\"1200\" height=\"900\" src=\"https:\/\/centros.uepb.edu.br\/ccbsa\/files\/2023\/07\/363328997_7504709892890506_5465726709211395961_n.png\" class=\"attachment-full size-full\" alt=\"\" srcset=\"https:\/\/centros.uepb.edu.br\/ccbsa\/files\/2023\/07\/363328997_7504709892890506_5465726709211395961_n.png 1200w, https:\/\/centros.uepb.edu.br\/ccbsa\/files\/2023\/07\/363328997_7504709892890506_5465726709211395961_n-300x225.png 300w, https:\/\/centros.uepb.edu.br\/ccbsa\/files\/2023\/07\/363328997_7504709892890506_5465726709211395961_n-1061x796.png 1061w\" sizes=\"auto, (max-width: 1200px) 100vw, 1200px\" \/><\/a>\n\t\t\t<\/dt><\/dl><dl class='gallery-item'>\n\t\t\t<dt class='gallery-icon landscape'>\n\t\t\t\t<a href='https:\/\/centros.uepb.edu.br\/ccbsa\/files\/2023\/07\/363361670_7504714449556717_6475113644497327662_n-1.png'><img loading=\"lazy\" decoding=\"async\" width=\"1200\" height=\"680\" src=\"https:\/\/centros.uepb.edu.br\/ccbsa\/files\/2023\/07\/363361670_7504714449556717_6475113644497327662_n-1.png\" class=\"attachment-full size-full\" alt=\"\" srcset=\"https:\/\/centros.uepb.edu.br\/ccbsa\/files\/2023\/07\/363361670_7504714449556717_6475113644497327662_n-1.png 1200w, https:\/\/centros.uepb.edu.br\/ccbsa\/files\/2023\/07\/363361670_7504714449556717_6475113644497327662_n-1-300x170.png 300w, https:\/\/centros.uepb.edu.br\/ccbsa\/files\/2023\/07\/363361670_7504714449556717_6475113644497327662_n-1-1120x635.png 1120w\" sizes=\"auto, (max-width: 1200px) 100vw, 1200px\" \/><\/a>\n\t\t\t<\/dt><\/dl><dl class='gallery-item'>\n\t\t\t<dt class='gallery-icon landscape'>\n\t\t\t\t<a href='https:\/\/centros.uepb.edu.br\/ccbsa\/files\/2023\/07\/363390504_7504710312890464_2031106962376824812_n.png'><img loading=\"lazy\" decoding=\"async\" width=\"1200\" height=\"900\" src=\"https:\/\/centros.uepb.edu.br\/ccbsa\/files\/2023\/07\/363390504_7504710312890464_2031106962376824812_n.png\" class=\"attachment-full size-full\" alt=\"\" srcset=\"https:\/\/centros.uepb.edu.br\/ccbsa\/files\/2023\/07\/363390504_7504710312890464_2031106962376824812_n.png 1200w, https:\/\/centros.uepb.edu.br\/ccbsa\/files\/2023\/07\/363390504_7504710312890464_2031106962376824812_n-300x225.png 300w, https:\/\/centros.uepb.edu.br\/ccbsa\/files\/2023\/07\/363390504_7504710312890464_2031106962376824812_n-1061x796.png 1061w\" sizes=\"auto, (max-width: 1200px) 100vw, 1200px\" \/><\/a>\n\t\t\t<\/dt><\/dl><br style=\"clear: both\" \/>\n\t\t<\/div>\n\n<p>O momento mais aguardado da solenidade e que coroou a trajet\u00f3ria dos concluintes na UEPB foi a confer\u00eancia do grau acad\u00eamico. A hora dos graduandos se tornarem graduados. Visivelmente emocionada, a formanda Ana Carolina Soares Santos, do curso de Arquivologia colou grau em nome da turma, conferido pela coordenadora do curso, a professora Eliete Correia dos Santos.<\/p>\n<p>Na sequ\u00eancia foi a vez dos formandos do curso de Ci\u00eancias Biol\u00f3gicas. A formanda Roberta Gon\u00e7alves Rolim de Morais, colou grau em nome da turma, conferido pela coordenadora, a professora Brigida Thais de Lucena. A formanda Maria Pereira de Oliveira colou grau em nome dos demais concluintes, conferido pelo coordenador do curso de Rela\u00e7\u00f5es Internacionais, professor Carlos Enrique Ruiz.<\/p>\n<p>Encerrando o ato, os graduandos de Administra\u00e7\u00e3o P\u00fablica colaram grau. A miss\u00e3o de representar os concluintes foi da formanda Eliane Lucas da Silva, conferido pela coordenadora do polo de Educa\u00e7\u00e3o a Dist\u00e2ncia, professora Suely Mesquita.<\/p>\n<p>Emocionante e que encerrou em grande estilo a solenidade, foi o discurso da reitora Celia Regina Diniz. Ap\u00f3s cumprimentar os professores do C\u00e2mpus V, coordenadores dos cursos, t\u00e9cnicos administrativos e a paraninfa geral, a reitora se dirigiu de forma especial para os concluintes dos quatro cursos. \u201cHoje \u00e9 um dia especial n\u00e3o apenas para os formandos e formandas que est\u00e3o prestes a receber seus diplomas, mais tamb\u00e9m para todos n\u00f3s que fazemos parte da nossa UEPB. Uuma universidade p\u00fablica, gratuita e que trabalha com muita qualidade, com todos os seus servi\u00e7os prestados ao Estado da Para\u00edba\u201d, destacou.<\/p>\n<p>Ela encerrou o seu discurso transmitindo uma mensagem de esperan\u00e7a, convicta da capacidade de todos de transformar o mundo atrav\u00e9s do conhecimento. Para ela, o conhecimento adquirido na UEPB \u00e9 uma ferramenta poderosa para promover essa mudan\u00e7a. \u201cN\u00e3o tenham medo de enfrentar o desconhecido. De ousar e de correr atr\u00e1s. Que este dia seja o come\u00e7o de uma jornada brilhante repleta de realiza\u00e7\u00f5es\u201d, parabenizou.<\/p>\n<p><em><strong>Texto:<\/strong>\u00a0Severino Lopes<\/em><br \/>\n<em><strong>Fotos:<\/strong>\u00a0Paizinha Lemos<\/em><\/p>\n","protected":false},"excerpt":{"rendered":"<p>A manh\u00e3 desta ter\u00e7a-feira (25) foi hist\u00f3rica e inesquec\u00edvel para os formandos do Centro de Ci\u00eancias Biol\u00f3gicas e Sociais Aplicadas (CCBSA) da Universidade Estadual da Para\u00edba (UEPB), C\u00e2mpus V, de Jo\u00e3o Pessoa. Ap\u00f3s uma jornada de quatro anos na Institui\u00e7\u00e3o, os concluintes e as concluintes colaram o grau acad\u00eamico e s\u00e3o os mais novos profissionais <a class=\"leiamais\" href=\"https:\/\/centros.uepb.edu.br\/ccbsa\/10069-2\/\">Leia Mais&#8230;<\/a><\/p>\n","protected":false},"author":8,"featured_media":10070,"comment_status":"closed","ping_status":"closed","sticky":false,"template":"","format":"standard","meta":{"footnotes":""},"categories":[3,11],"tags":[],"class_list":["post-10069","post","type-post","status-publish","format-standard","has-post-thumbnail","hentry","category-noticias","category-noticias-destaque-img"],"jetpack_featured_media_url":"https:\/\/centros.uepb.edu.br\/ccbsa\/files\/2023\/07\/363361670_7504714449556717_6475113644497327662_n.png","_links":{"self":[{"href":"https:\/\/centros.uepb.edu.br\/ccbsa\/wp-json\/wp\/v2\/posts\/10069","targetHints":{"allow":["GET"]}}],"collection":[{"href":"https:\/\/centros.uepb.edu.br\/ccbsa\/wp-json\/wp\/v2\/posts"}],"about":[{"href":"https:\/\/centros.uepb.edu.br\/ccbsa\/wp-json\/wp\/v2\/types\/post"}],"author":[{"embeddable":true,"href":"https:\/\/centros.uepb.edu.br\/ccbsa\/wp-json\/wp\/v2\/users\/8"}],"replies":[{"embeddable":true,"href":"https:\/\/centros.uepb.edu.br\/ccbsa\/wp-json\/wp\/v2\/comments?post=10069"}],"version-history":[{"count":0,"href":"https:\/\/centros.uepb.edu.br\/ccbsa\/wp-json\/wp\/v2\/posts\/10069\/revisions"}],"wp:featuredmedia":[{"embeddable":true,"href":"https:\/\/centros.uepb.edu.br\/ccbsa\/wp-json\/wp\/v2\/media\/10070"}],"wp:attachment":[{"href":"https:\/\/centros.uepb.edu.br\/ccbsa\/wp-json\/wp\/v2\/media?parent=10069"}],"wp:term":[{"taxonomy":"category","embeddable":true,"href":"https:\/\/centros.uepb.edu.br\/ccbsa\/wp-json\/wp\/v2\/categories?post=10069"},{"taxonomy":"post_tag","embeddable":true,"href":"https:\/\/centros.uepb.edu.br\/ccbsa\/wp-json\/wp\/v2\/tags?post=10069"}],"curies":[{"name":"wp","href":"https:\/\/api.w.org\/{rel}","templated":true}]}}