{"id":10053,"date":"2023-07-21T14:56:39","date_gmt":"2023-07-21T14:56:39","guid":{"rendered":"https:\/\/centros.uepb.edu.br\/ccbsa\/?p=10053"},"modified":"2023-07-28T14:20:18","modified_gmt":"2023-07-28T14:20:18","slug":"docente-do-curso-de-relacoes-internacionais-participa-de-encontro-para-fortalecer-a-parceria-entre-america-latina-caribe-e-europa","status":"publish","type":"post","link":"https:\/\/centros.uepb.edu.br\/ccbsa\/docente-do-curso-de-relacoes-internacionais-participa-de-encontro-para-fortalecer-a-parceria-entre-america-latina-caribe-e-europa\/","title":{"rendered":"Docente do curso de Rela\u00e7\u00f5es Internacionais participa de encontro para fortalecer a parceria entre Am\u00e9rica Latina, Caribe e Europa"},"content":{"rendered":"\n\t\t<style type=\"text\/css\">\n\t\t\t#gallery-1 {\n\t\t\t\tmargin: auto;\n\t\t\t}\n\t\t\t#gallery-1 .gallery-item {\n\t\t\t\tfloat: left;\n\t\t\t\tmargin-top: 10px;\n\t\t\t\ttext-align: center;\n\t\t\t\twidth: 33%;\n\t\t\t}\n\t\t\t#gallery-1 img {\n\t\t\t\tborder: 2px solid #cfcfcf;\n\t\t\t}\n\t\t\t#gallery-1 .gallery-caption {\n\t\t\t\tmargin-left: 0;\n\t\t\t}\n\t\t\t\/* see gallery_shortcode() in wp-includes\/media.php *\/\n\t\t<\/style>\n\t\t<div id='gallery-1' class='gallery galleryid-10053 gallery-columns-3 gallery-size-full'><dl class='gallery-item'>\n\t\t\t<dt class='gallery-icon landscape'>\n\t\t\t\t<a href='https:\/\/centros.uepb.edu.br\/ccbsa\/files\/2023\/07\/WhatsApp-Image-2023-07-21-at-08.32.56.jpeg'><img loading=\"lazy\" decoding=\"async\" width=\"1600\" height=\"1200\" src=\"https:\/\/centros.uepb.edu.br\/ccbsa\/files\/2023\/07\/WhatsApp-Image-2023-07-21-at-08.32.56.jpeg\" class=\"attachment-full size-full\" alt=\"\" srcset=\"https:\/\/centros.uepb.edu.br\/ccbsa\/files\/2023\/07\/WhatsApp-Image-2023-07-21-at-08.32.56.jpeg 1600w, https:\/\/centros.uepb.edu.br\/ccbsa\/files\/2023\/07\/WhatsApp-Image-2023-07-21-at-08.32.56-300x225.jpeg 300w, https:\/\/centros.uepb.edu.br\/ccbsa\/files\/2023\/07\/WhatsApp-Image-2023-07-21-at-08.32.56-1536x1152.jpeg 1536w, https:\/\/centros.uepb.edu.br\/ccbsa\/files\/2023\/07\/WhatsApp-Image-2023-07-21-at-08.32.56-1061x796.jpeg 1061w\" sizes=\"auto, (max-width: 1600px) 100vw, 1600px\" \/><\/a>\n\t\t\t<\/dt><\/dl><dl class='gallery-item'>\n\t\t\t<dt class='gallery-icon landscape'>\n\t\t\t\t<a href='https:\/\/centros.uepb.edu.br\/ccbsa\/files\/2023\/07\/WhatsApp-Image-2023-07-21-at-08.32.55.jpeg'><img loading=\"lazy\" decoding=\"async\" width=\"1600\" height=\"1200\" src=\"https:\/\/centros.uepb.edu.br\/ccbsa\/files\/2023\/07\/WhatsApp-Image-2023-07-21-at-08.32.55.jpeg\" class=\"attachment-full size-full\" alt=\"\" srcset=\"https:\/\/centros.uepb.edu.br\/ccbsa\/files\/2023\/07\/WhatsApp-Image-2023-07-21-at-08.32.55.jpeg 1600w, https:\/\/centros.uepb.edu.br\/ccbsa\/files\/2023\/07\/WhatsApp-Image-2023-07-21-at-08.32.55-300x225.jpeg 300w, https:\/\/centros.uepb.edu.br\/ccbsa\/files\/2023\/07\/WhatsApp-Image-2023-07-21-at-08.32.55-1536x1152.jpeg 1536w, https:\/\/centros.uepb.edu.br\/ccbsa\/files\/2023\/07\/WhatsApp-Image-2023-07-21-at-08.32.55-1061x796.jpeg 1061w\" sizes=\"auto, (max-width: 1600px) 100vw, 1600px\" \/><\/a>\n\t\t\t<\/dt><\/dl>\n\t\t\t<br style='clear: both' \/>\n\t\t<\/div>\n\n<p>Com o objetivo de efetivar a parceria bi-regional no ensino superior entre Am\u00e9rica Latina e Caribe junto \u00e0 Uni\u00e3o Europeia, o docente do curso de Rela\u00e7\u00f5es Internacionais da Universidade Estadual da Para\u00edba (UEPB), Carlos Enrique Ruiz, esteve entre os dias 6 e 8 de julho, na cidade de Alcal\u00e1 de Henares, na Espanha, participando da \u201cV Cumbre Acad\u00e9mica Uni\u00f3n Europea y Am\u00e9rica Latina y el Caribe\u201d.<\/p>\n<p>\u201cUma das conclus\u00f5es deste encontro foi que a internacionaliza\u00e7\u00e3o do ensino superior deve ser considerada como um fator fundamental para promover a ci\u00eancia e tecnologia com fins de fortalecer a alian\u00e7a estrat\u00e9gica bi-regional, promovendo a integra\u00e7\u00e3o frente ao mundo globalizado. Entende-se que ademais de promover o desenvolvimento cient\u00edfico, a internacionaliza\u00e7\u00e3o fortalece os valores de direitos humanos promovidos pelos pa\u00edses de ambas regi\u00f5es\u201d, avalia o professor Carlos Enrique.<\/p>\n<p>O docente lembrou que, na oportunidade, foi analisado que, em ambas regi\u00f5es, em tempos recentes, tiveram espa\u00e7o &#8211; ainda que por meio de voto, dentro da democracia formal &#8211; de governos de ultradireita ou mesmo fascistas, que colocaram ou colocam em risco a pr\u00f3pria democracia, o estado de direito e os direitos humanos consagrados nos instrumentos jur\u00eddicos internacionais. Dessa forma, concluiu-se que \u00e9 fundamental uma alian\u00e7a entre as universidades para a forma\u00e7\u00e3o para a democracia e cidadania.<\/p>\n<p>Al\u00e9m destes di\u00e1logos, o atual coordenador da gradua\u00e7\u00e3o em Rela\u00e7\u00f5es Internacionais da UEPB estabeleceu contatos com diversos representantes de universidades, buscando promover a internacionaliza\u00e7\u00e3o da UEPB. \u201cPara al\u00e9m destes contatos, ressalta-se os encontros com o Diretor do Departamento de Rela\u00e7\u00f5es Internacionais e Integra\u00e7\u00e3o Europeia da National School of Political and Administrative Studies de Bucharest (SNSPA), Iordan Barbulescu, e as tratativas para que a UEPB siga figurando entre os parceiros do projeto ERASMUS +, que j\u00e1 possibilitou a ida de dois professores \u00e0 Rom\u00eania e uma aluna de gradua\u00e7\u00e3o de Rela\u00e7\u00f5es Internacionais, com bolsa para cursar um semestre na SNSPA. Em conclus\u00e3o ressalta-se que atrav\u00e9s dessa participa\u00e7\u00e3o a UEPB mostrou seu engajamento nos processos de pol\u00edtica internacional e est\u00e1 em conson\u00e2ncia com as diretrizes da pol\u00edtica externa brasileira que confere prioridade a essa parceria estrat\u00e9gica entre a Am\u00e9rica Latina e Caribe e a Uni\u00e3o Europeia. Desde suas rela\u00e7\u00f5es internacionais busca estabelecer sinergias para uma justi\u00e7a global, combatendo assimetrias internacionais e defendendo os princ\u00edpios universit\u00e1rios da democracia, direitos humanos e excel\u00eancia cient\u00edfica e de forma\u00e7\u00e3o de pessoas\u201d, explica Carlos Enrique.<\/p>\n<p>O encontro de reitores, pr\u00f3-reitores, cientistas, docentes e discentes, ocorre h\u00e1 mais de 10 anos, e vem se constituindo para al\u00e9m de temas propriamente de harmoniza\u00e7\u00e3o e integra\u00e7\u00e3o curricular, de t\u00edtulos e da internacionaliza\u00e7\u00e3o, mas, configura-se enquanto espa\u00e7o de o interc\u00e2mbio de conhecimentos e compreens\u00f5es m\u00fatuas. Al\u00e9m do com\u00e9rcio e economia, foram tratados temas voltados para uma agenda pol\u00edtica estrat\u00e9gica, tais como a democracia e o desenvolvimento sustent\u00e1vel.<\/p>\n<p>Texto: Juliana Marques<\/p>\n","protected":false},"excerpt":{"rendered":"<p>Com o objetivo de efetivar a parceria bi-regional no ensino superior entre Am\u00e9rica Latina e Caribe junto \u00e0 Uni\u00e3o Europeia, o docente do curso de Rela\u00e7\u00f5es Internacionais da Universidade Estadual da Para\u00edba (UEPB), Carlos Enrique Ruiz, esteve entre os dias 6 e 8 de julho, na cidade de Alcal\u00e1 de Henares, na Espanha, participando da <a class=\"leiamais\" href=\"https:\/\/centros.uepb.edu.br\/ccbsa\/docente-do-curso-de-relacoes-internacionais-participa-de-encontro-para-fortalecer-a-parceria-entre-america-latina-caribe-e-europa\/\">Leia Mais&#8230;<\/a><\/p>\n","protected":false},"author":8,"featured_media":10064,"comment_status":"closed","ping_status":"closed","sticky":false,"template":"","format":"standard","meta":{"footnotes":""},"categories":[3,11],"tags":[],"class_list":["post-10053","post","type-post","status-publish","format-standard","has-post-thumbnail","hentry","category-noticias","category-noticias-destaque-img"],"jetpack_featured_media_url":"https:\/\/centros.uepb.edu.br\/ccbsa\/files\/2023\/07\/WhatsApp-Image-2023-07-21-at-08.32.56.jpg","_links":{"self":[{"href":"https:\/\/centros.uepb.edu.br\/ccbsa\/wp-json\/wp\/v2\/posts\/10053","targetHints":{"allow":["GET"]}}],"collection":[{"href":"https:\/\/centros.uepb.edu.br\/ccbsa\/wp-json\/wp\/v2\/posts"}],"about":[{"href":"https:\/\/centros.uepb.edu.br\/ccbsa\/wp-json\/wp\/v2\/types\/post"}],"author":[{"embeddable":true,"href":"https:\/\/centros.uepb.edu.br\/ccbsa\/wp-json\/wp\/v2\/users\/8"}],"replies":[{"embeddable":true,"href":"https:\/\/centros.uepb.edu.br\/ccbsa\/wp-json\/wp\/v2\/comments?post=10053"}],"version-history":[{"count":0,"href":"https:\/\/centros.uepb.edu.br\/ccbsa\/wp-json\/wp\/v2\/posts\/10053\/revisions"}],"wp:featuredmedia":[{"embeddable":true,"href":"https:\/\/centros.uepb.edu.br\/ccbsa\/wp-json\/wp\/v2\/media\/10064"}],"wp:attachment":[{"href":"https:\/\/centros.uepb.edu.br\/ccbsa\/wp-json\/wp\/v2\/media?parent=10053"}],"wp:term":[{"taxonomy":"category","embeddable":true,"href":"https:\/\/centros.uepb.edu.br\/ccbsa\/wp-json\/wp\/v2\/categories?post=10053"},{"taxonomy":"post_tag","embeddable":true,"href":"https:\/\/centros.uepb.edu.br\/ccbsa\/wp-json\/wp\/v2\/tags?post=10053"}],"curies":[{"name":"wp","href":"https:\/\/api.w.org\/{rel}","templated":true}]}}