{"id":1002,"date":"2013-10-15T12:50:39","date_gmt":"2013-10-15T12:50:39","guid":{"rendered":"\/ccbsa\/?p=1002"},"modified":"2013-10-21T14:53:46","modified_gmt":"2013-10-21T14:53:46","slug":"a-protecao-brasileira-aos-refugiados-e-tema-de-palestra-realizada-no-campus-v-da-uepb","status":"publish","type":"post","link":"https:\/\/centros.uepb.edu.br\/ccbsa\/a-protecao-brasileira-aos-refugiados-e-tema-de-palestra-realizada-no-campus-v-da-uepb\/","title":{"rendered":"A prote\u00e7\u00e3o brasileira aos refugiados \u00e9 tema de palestra realizada no Campus V da UEPB"},"content":{"rendered":"<p><a href=\"http:\/\/centros.ascom.uepb.edu.br\/ccbsa\/files\/2013\/10\/SAM_6432ed.jpg\"><img loading=\"lazy\" decoding=\"async\" class=\"alignleft size-thumbnail wp-image-1004 img-responsive\" alt=\"SAM_6432ed\" src=\"http:\/\/centros.ascom.uepb.edu.br\/ccbsa\/files\/2013\/10\/SAM_6432ed-150x150.jpg\" width=\"150\" height=\"150\" \/><\/a>Com a presen\u00e7a de discentes, docentes e pesquisadores de Rela\u00e7\u00f5es Internacionais, Direito, Psicologia da Universidade Estadual da Para\u00edba e de outras Institui\u00e7\u00f5es, foi realizada na \u00faltima sexta-feira (11), do Campus V da UEPB, a palestra \u201cO papel da ACNUR na prote\u00e7\u00e3o dos deslocados ambientais: a prote\u00e7\u00e3o brasileira aos refugiados\u201d, proferida pelo representante do Alto Comissariado das Na\u00e7\u00f5es Unidas para Refugiados no Brasil (ACNUR), Andr\u00e9s Ramirez.<\/p>\n<p>Na oportunidade o palestrante Andr\u00e9 Ramirez abordou a trajet\u00f3ria pol\u00edtica do Brasil na \u00e1rea de migra\u00e7\u00e3o e refugiados e a experi\u00eancia na ACNUR, organiza\u00e7\u00e3o humanit\u00e1ria, apol\u00edtica e social criada pela Assembleia Geral da Organiza\u00e7\u00e3o das Na\u00e7\u00f5es Unidas. Os participantes do evento puderam aproveitar a oportunidade para conhecer a import\u00e2ncia da prote\u00e7\u00e3o aos refugiados, como se d\u00e1 essa atividade e quais aspectos devem ser considerados.<a href=\"http:\/\/centros.ascom.uepb.edu.br\/ccbsa\/files\/2013\/10\/SAM_64291.jpg\"><img loading=\"lazy\" decoding=\"async\" class=\"alignright size-thumbnail wp-image-1006 img-responsive\" alt=\"SAM_6429\" src=\"http:\/\/centros.ascom.uepb.edu.br\/ccbsa\/files\/2013\/10\/SAM_64291-150x150.jpg\" width=\"150\" height=\"150\" \/><\/a><\/p>\n<p>A coordenadora do N\u00facleo de Estudos e Pesquisa sobre Deslocados Ambientais (NEPDA), respons\u00e1vel pela organiza\u00e7\u00e3o do evento, professora Andrea Pacheco Pac\u00edfico, destacou o sucesso do evento, o envolvimento de pesquisadores e comunidade acad\u00eamica e a relev\u00e2ncia da tem\u00e1tica.<\/p>\n<p>\u201cApesar de realizarmos o evento num dia de feriado na institui\u00e7\u00e3o, os estudantes, professores e pesquisadores do Campus V e de outros centros da UEPB e de outras institui\u00e7\u00f5es de ensino prestigiaram o evento. Desde julho tentamos trazer o Andr\u00e9 Ramirez para discutir essa tem\u00e1tica que \u00e9 um dos focos do trabalho do NEPDA e agora conseguimos realizar esse evento que nos possibilita n\u00e3o s\u00f3 fortalecer os discursos na \u00e1rea de prote\u00e7\u00e3o aos refugiados, como tamb\u00e9m auxilia para que outros pesquisadores possam conhecer as nossas atividades e ingressar no N\u00facleo\u201d, avalia a professora Andrea.<\/p>\n","protected":false},"excerpt":{"rendered":"<p>Com a presen\u00e7a de discentes, docentes e pesquisadores de Rela\u00e7\u00f5es Internacionais, Direito, Psicologia da Universidade Estadual da Para\u00edba e de outras Institui\u00e7\u00f5es, foi realizada na \u00faltima sexta-feira (11), do Campus V da UEPB, a palestra \u201cO papel da ACNUR na prote\u00e7\u00e3o dos deslocados ambientais: a prote\u00e7\u00e3o brasileira aos refugiados\u201d, proferida pelo representante do Alto Comissariado <a class=\"leiamais\" href=\"https:\/\/centros.uepb.edu.br\/ccbsa\/a-protecao-brasileira-aos-refugiados-e-tema-de-palestra-realizada-no-campus-v-da-uepb\/\">Leia Mais&#8230;<\/a><\/p>\n","protected":false},"author":8,"featured_media":1003,"comment_status":"open","ping_status":"open","sticky":false,"template":"","format":"standard","meta":{"footnotes":""},"categories":[1],"tags":[],"class_list":["post-1002","post","type-post","status-publish","format-standard","has-post-thumbnail","hentry","category-sem-categoria"],"jetpack_featured_media_url":"https:\/\/centros.uepb.edu.br\/ccbsa\/files\/2013\/10\/SAM_6425.jpg","_links":{"self":[{"href":"https:\/\/centros.uepb.edu.br\/ccbsa\/wp-json\/wp\/v2\/posts\/1002","targetHints":{"allow":["GET"]}}],"collection":[{"href":"https:\/\/centros.uepb.edu.br\/ccbsa\/wp-json\/wp\/v2\/posts"}],"about":[{"href":"https:\/\/centros.uepb.edu.br\/ccbsa\/wp-json\/wp\/v2\/types\/post"}],"author":[{"embeddable":true,"href":"https:\/\/centros.uepb.edu.br\/ccbsa\/wp-json\/wp\/v2\/users\/8"}],"replies":[{"embeddable":true,"href":"https:\/\/centros.uepb.edu.br\/ccbsa\/wp-json\/wp\/v2\/comments?post=1002"}],"version-history":[{"count":0,"href":"https:\/\/centros.uepb.edu.br\/ccbsa\/wp-json\/wp\/v2\/posts\/1002\/revisions"}],"wp:featuredmedia":[{"embeddable":true,"href":"https:\/\/centros.uepb.edu.br\/ccbsa\/wp-json\/wp\/v2\/media\/1003"}],"wp:attachment":[{"href":"https:\/\/centros.uepb.edu.br\/ccbsa\/wp-json\/wp\/v2\/media?parent=1002"}],"wp:term":[{"taxonomy":"category","embeddable":true,"href":"https:\/\/centros.uepb.edu.br\/ccbsa\/wp-json\/wp\/v2\/categories?post=1002"},{"taxonomy":"post_tag","embeddable":true,"href":"https:\/\/centros.uepb.edu.br\/ccbsa\/wp-json\/wp\/v2\/tags?post=1002"}],"curies":[{"name":"wp","href":"https:\/\/api.w.org\/{rel}","templated":true}]}}