{"id":10004,"date":"2023-06-26T16:18:50","date_gmt":"2023-06-26T16:18:50","guid":{"rendered":"https:\/\/centros.uepb.edu.br\/ccbsa\/?p=10004"},"modified":"2023-06-26T16:18:50","modified_gmt":"2023-06-26T16:18:50","slug":"limite-do-visivel-programa-do-governo-do-estado-e-uepb-oferta-cursos-de-tecnologia-para-egressos-da-rede-estadual","status":"publish","type":"post","link":"https:\/\/centros.uepb.edu.br\/ccbsa\/limite-do-visivel-programa-do-governo-do-estado-e-uepb-oferta-cursos-de-tecnologia-para-egressos-da-rede-estadual\/","title":{"rendered":"Limite do Vis\u00edvel: programa do Governo do Estado e UEPB oferta cursos de tecnologia para egressos da rede estadual"},"content":{"rendered":"\n\t\t<style type=\"text\/css\">\n\t\t\t#gallery-1 {\n\t\t\t\tmargin: auto;\n\t\t\t}\n\t\t\t#gallery-1 .gallery-item {\n\t\t\t\tfloat: left;\n\t\t\t\tmargin-top: 10px;\n\t\t\t\ttext-align: center;\n\t\t\t\twidth: 33%;\n\t\t\t}\n\t\t\t#gallery-1 img {\n\t\t\t\tborder: 2px solid #cfcfcf;\n\t\t\t}\n\t\t\t#gallery-1 .gallery-caption {\n\t\t\t\tmargin-left: 0;\n\t\t\t}\n\t\t\t\/* see gallery_shortcode() in wp-includes\/media.php *\/\n\t\t<\/style>\n\t\t<div id='gallery-1' class='gallery galleryid-10004 gallery-columns-3 gallery-size-full'><dl class='gallery-item'>\n\t\t\t<dt class='gallery-icon landscape'>\n\t\t\t\t<a href='https:\/\/centros.uepb.edu.br\/ccbsa\/files\/2023\/06\/IMG_8529-1.jpg'><img loading=\"lazy\" decoding=\"async\" width=\"1200\" height=\"680\" src=\"https:\/\/centros.uepb.edu.br\/ccbsa\/files\/2023\/06\/IMG_8529-1.jpg\" class=\"attachment-full size-full\" alt=\"\" srcset=\"https:\/\/centros.uepb.edu.br\/ccbsa\/files\/2023\/06\/IMG_8529-1.jpg 1200w, https:\/\/centros.uepb.edu.br\/ccbsa\/files\/2023\/06\/IMG_8529-1-300x170.jpg 300w, https:\/\/centros.uepb.edu.br\/ccbsa\/files\/2023\/06\/IMG_8529-1-1120x635.jpg 1120w\" sizes=\"auto, (max-width: 1200px) 100vw, 1200px\" \/><\/a>\n\t\t\t<\/dt><\/dl><dl class='gallery-item'>\n\t\t\t<dt class='gallery-icon landscape'>\n\t\t\t\t<a href='https:\/\/centros.uepb.edu.br\/ccbsa\/files\/2023\/06\/IMG_8533.jpg'><img loading=\"lazy\" decoding=\"async\" width=\"1200\" height=\"803\" src=\"https:\/\/centros.uepb.edu.br\/ccbsa\/files\/2023\/06\/IMG_8533.jpg\" class=\"attachment-full size-full\" alt=\"\" srcset=\"https:\/\/centros.uepb.edu.br\/ccbsa\/files\/2023\/06\/IMG_8533.jpg 1200w, https:\/\/centros.uepb.edu.br\/ccbsa\/files\/2023\/06\/IMG_8533-300x201.jpg 300w, https:\/\/centros.uepb.edu.br\/ccbsa\/files\/2023\/06\/IMG_8533-1120x749.jpg 1120w\" sizes=\"auto, (max-width: 1200px) 100vw, 1200px\" \/><\/a>\n\t\t\t<\/dt><\/dl>\n\t\t\t<br style='clear: both' \/>\n\t\t<\/div>\n\n<p>Com o objetivo de induzir a forma\u00e7\u00e3o superior em \u00e1reas priorit\u00e1rias para o desenvolvimento tecnol\u00f3gico e inova\u00e7\u00e3o, o Governo da Para\u00edba, por meio da Secretaria de Estado da Ci\u00eancia, Tecnologia, Inova\u00e7\u00e3o e Ensino Superior (SECTIES), em parceria com a Universidade Estadual da Para\u00edba, est\u00e1 em fase de implanta\u00e7\u00e3o do programa \u201cLimite do Vis\u00edvel\u201d que oferta 160 vagas destinadas a estudantes egressos da rede estadual de ensino para os cursos de Ci\u00eancia de Dados e An\u00e1lise e Desenvolvimento de Sistemas.<\/p>\n<p>Foram selecionados para o referido Programa, estudantes que conclu\u00edram o ensino m\u00e9dio em escolas da rede estadual de ensino entre os anos de 2017 e 2021, que ir\u00e3o receber uma bolsa de estudos no valor de R$ 1.000,00. As aulas ser\u00e3o presenciais e acontecer\u00e3o no C\u00e2mpus V da UEPB, a partir do dia 7 de agosto, quando se iniciam as aulas do per\u00edodo letivo 2023.2. Embora as aulas dos cursos devam ocorrer presencialmente em Jo\u00e3o Pessoa, o acompanhamento das atividades pedag\u00f3gicas e a emiss\u00e3o de diploma ser\u00e1 realizado pelo Curso de Computa\u00e7\u00e3o do C\u00e2mpus I da UEPB e Pro-reitoria de Gradua\u00e7\u00e3o.<\/p>\n<p>Com o objetivo de dialogar sobre as demandas para a instala\u00e7\u00e3o dos novos cursos no C\u00e2mpus V da UEPB, o secret\u00e1rio de Ci\u00eancia e Tecnologia do Estado da Para\u00edba, Cl\u00e1udio Furtado, e a equipe do referido programa, estiveram reunidos no dia 20 de junho com o diretor do Centro de Ci\u00eancias Biol\u00f3gicas e Sociais Aplicadas, professor Cleber Salimon, para ajustar os detalhes de infraestrutura para in\u00edcio das aulas dos cursos vinculados ao \u201cLimite do Vis\u00edvel\u201d.<\/p>\n<p>De acordo com o professor Cl\u00e1udio Furtado, por meio do desenvolvimento do Programa \u201cLimite do Vis\u00edvel\u201d, a SEECT pretende formar 2 mil profissionais at\u00e9 o ano de 2026, iniciando com turmas de 160 estudantes no ano letivo de 2023. A perspectiva \u00e9 que, por meio desta atua\u00e7\u00e3o em parceria com a UEPB, essa iniciativa possa se consolidar e contribuir com a continuidade na forma\u00e7\u00e3o de egressos da rede estadual, que podem ter apoio para tornar-se profissionais habilitados para contribuir com o desenvolvimento cient\u00edfico e tecnol\u00f3gico do Estado.<\/p>\n<p>O \u201cLimite do Vis\u00edvel\u201d oferta o curso superior em An\u00e1lise e Desenvolvimento de Sistemas, que tem como objetivo principal graduar profissionais que projetam, implementam e coordenam infraestruturas de tecnologia da informa\u00e7\u00e3o, atendendo \u00e0 necessidade de mudan\u00e7as provocadas pelas inova\u00e7\u00f5es tecnol\u00f3gicas no mercado e sociedade. Tamb\u00e9m \u00e9 oferecido o curso superior em Ci\u00eancia de Dados, que tem como objetivo principal formar profissionais para atuar na \u00e1rea de ci\u00eancia de dados, atendendo demandas por m\u00e3o de obra qualificada, do setor de tecnologia da informa\u00e7\u00e3o nacional, promovendo o desenvolvimento sustent\u00e1vel, a inova\u00e7\u00e3o tecnol\u00f3gica e o desenvolvimento de novos neg\u00f3cios com potencial inovador. Ambos os cursos t\u00eam a dura\u00e7\u00e3o de dois anos, divididos em quatro semestres.<\/p>\n<p>Texto: Juliana Marques<\/p>\n","protected":false},"excerpt":{"rendered":"<p>Com o objetivo de induzir a forma\u00e7\u00e3o superior em \u00e1reas priorit\u00e1rias para o desenvolvimento tecnol\u00f3gico e inova\u00e7\u00e3o, o Governo da Para\u00edba, por meio da Secretaria de Estado da Ci\u00eancia, Tecnologia, Inova\u00e7\u00e3o e Ensino Superior (SECTIES), em parceria com a Universidade Estadual da Para\u00edba, est\u00e1 em fase de implanta\u00e7\u00e3o do programa \u201cLimite do Vis\u00edvel\u201d que oferta <a class=\"leiamais\" href=\"https:\/\/centros.uepb.edu.br\/ccbsa\/limite-do-visivel-programa-do-governo-do-estado-e-uepb-oferta-cursos-de-tecnologia-para-egressos-da-rede-estadual\/\">Leia Mais&#8230;<\/a><\/p>\n","protected":false},"author":8,"featured_media":10005,"comment_status":"closed","ping_status":"closed","sticky":false,"template":"","format":"standard","meta":{"footnotes":""},"categories":[3,11],"tags":[],"class_list":["post-10004","post","type-post","status-publish","format-standard","has-post-thumbnail","hentry","category-noticias","category-noticias-destaque-img"],"jetpack_featured_media_url":"https:\/\/centros.uepb.edu.br\/ccbsa\/files\/2023\/06\/IMG_8529.jpg","_links":{"self":[{"href":"https:\/\/centros.uepb.edu.br\/ccbsa\/wp-json\/wp\/v2\/posts\/10004","targetHints":{"allow":["GET"]}}],"collection":[{"href":"https:\/\/centros.uepb.edu.br\/ccbsa\/wp-json\/wp\/v2\/posts"}],"about":[{"href":"https:\/\/centros.uepb.edu.br\/ccbsa\/wp-json\/wp\/v2\/types\/post"}],"author":[{"embeddable":true,"href":"https:\/\/centros.uepb.edu.br\/ccbsa\/wp-json\/wp\/v2\/users\/8"}],"replies":[{"embeddable":true,"href":"https:\/\/centros.uepb.edu.br\/ccbsa\/wp-json\/wp\/v2\/comments?post=10004"}],"version-history":[{"count":0,"href":"https:\/\/centros.uepb.edu.br\/ccbsa\/wp-json\/wp\/v2\/posts\/10004\/revisions"}],"wp:featuredmedia":[{"embeddable":true,"href":"https:\/\/centros.uepb.edu.br\/ccbsa\/wp-json\/wp\/v2\/media\/10005"}],"wp:attachment":[{"href":"https:\/\/centros.uepb.edu.br\/ccbsa\/wp-json\/wp\/v2\/media?parent=10004"}],"wp:term":[{"taxonomy":"category","embeddable":true,"href":"https:\/\/centros.uepb.edu.br\/ccbsa\/wp-json\/wp\/v2\/categories?post=10004"},{"taxonomy":"post_tag","embeddable":true,"href":"https:\/\/centros.uepb.edu.br\/ccbsa\/wp-json\/wp\/v2\/tags?post=10004"}],"curies":[{"name":"wp","href":"https:\/\/api.w.org\/{rel}","templated":true}]}}