{"id":865677,"date":"2020-06-22T18:53:22","date_gmt":"2020-06-22T18:53:22","guid":{"rendered":"http:\/\/www.uepb.edu.br\/?p=56083"},"modified":"2020-06-22T18:53:22","modified_gmt":"2020-06-22T18:53:22","slug":"centro-academico-de-ciencias-biologicas-prorroga-inscricoes-para-concurso-artistico-eu-na-quarentena","status":"publish","type":"post","link":"https:\/\/centros.uepb.edu.br\/ccbs\/centro-academico-de-ciencias-biologicas-prorroga-inscricoes-para-concurso-artistico-eu-na-quarentena\/","title":{"rendered":"Centro Acad\u00eamico de Ci\u00eancias Biol\u00f3gicas prorroga inscri\u00e7\u00f5es para concurso art\u00edstico \u201cEu na quarentena\u201d"},"content":{"rendered":"<p>O Centro Acad\u00eamico de Biologia, atendendo a pedidos dos estudantes da Universidade Estadual da Para\u00edba (UEPB), prorrogou at\u00e9 a pr\u00f3xima segunda-feira (29) o prazo de inscri\u00e7\u00f5es para o Concurso Art\u00edstico &#8220;Eu na Quarentena&#8221;, cujo objetivo \u00e9 promover reflex\u00e3o, discuss\u00e3o e entretenimento entre os alunos, juntando aspectos da ci\u00eancia e da arte, por meio de fotografias, textos e desenhos.<\/p>\n<p>A edi\u00e7\u00e3o inicialmente destinava-se \u00e0 estudantes matriculados nos cursos de Biologia, Jornalismo ou Letras da UEPB, no entanto, a pedidos, o concurso encontra-se aberto a todos os discentes, independentemente do curso de gradua\u00e7\u00e3o, desde que estejam devidamente matriculados no semestre em quest\u00e3o.<\/p>\n<p>O edital completo, com todas as normas e prazos atualizados do concurso, pode ser acessado clicando <strong><a href=\"http:\/\/www.uepb.edu.br\/download\/documentos\/documentos_2020\/Edital-Concurso-Artistico-Eu-na-Quarentena.pdf\"  rel=\"noreferrer noopener\">AQUI<\/a><\/strong>. Os interessados em participar devem efetuar inscri\u00e7\u00e3o no link <strong><a href=\"https:\/\/bityli.com\/OpiNS\"  rel=\"noreferrer noopener\">https:\/\/bityli.com\/OpiNS<\/a><\/strong>, at\u00e9 o dia 29 de junho. O resultado ser\u00e1 divulgado no dia 18 de julho. Outras informa\u00e7\u00f5es sobre a iniciativa podem ser obtidas pelo e-mail <em><strong>concursoeunaquarentena@gmail.com<\/strong><\/em> ou pelo telefone (83) 9 9604-9313.<\/p>\n<p>O post <a rel=\"nofollow\" href=\"http:\/\/www.uepb.edu.br\/centro-academico-de-ciencias-biologicas-prorroga-inscricoes-para-concurso-artistico-eu-na-quarentena\/\">Centro Acad\u00eamico de Ci\u00eancias Biol\u00f3gicas prorroga inscri\u00e7\u00f5es para concurso art\u00edstico \u201cEu na quarentena\u201d<\/a> apareceu primeiro em <a rel=\"nofollow\" href=\"http:\/\/www.uepb.edu.br\/\">UEPB<\/a>.<\/p>\n","protected":false},"excerpt":{"rendered":"<p>O Centro Acad&ecirc;mico de Biologia, atendendo a pedidos dos estudantes da Universidade Estadual da Para&iacute;ba (UEPB), prorrogou at&eacute; a pr&oacute;xima segunda-feira (29) o prazo de inscri&ccedil;&otilde;es para o Concurso Art&iacute;stico &ldquo;Eu na Quarentena&rdquo;, cujo objetivo &eacute; promover reflex&atilde;o, discuss&atilde;o e entretenimento entre os alunos, juntando aspectos da ci&ecirc;ncia e da arte, por meio de fotografias, <a href=\"http:\/\/www.uepb.edu.br\/centro-academico-de-ciencias-biologicas-prorroga-inscricoes-para-concurso-artistico-eu-na-quarentena\/\">Leia Mais&#8230;<\/a><\/p>\n<p>O post <a rel=\"nofollow\" href=\"http:\/\/www.uepb.edu.br\/centro-academico-de-ciencias-biologicas-prorroga-inscricoes-para-concurso-artistico-eu-na-quarentena\/\">Centro Acad&ecirc;mico de Ci&ecirc;ncias Biol&oacute;gicas prorroga inscri&ccedil;&otilde;es para concurso art&iacute;stico &ldquo;Eu na quarentena&rdquo;<\/a> apareceu primeiro em <a rel=\"nofollow\" href=\"http:\/\/www.uepb.edu.br\/\">UEPB<\/a>.<\/p>\n","protected":false},"author":25,"featured_media":0,"comment_status":"closed","ping_status":"closed","sticky":false,"template":"","format":"standard","meta":{"jetpack_post_was_ever_published":false,"_jetpack_newsletter_access":"","_jetpack_dont_email_post_to_subs":false,"_jetpack_newsletter_tier_id":0,"_jetpack_memberships_contains_paywalled_content":false,"_jetpack_memberships_contains_paid_content":false,"footnotes":"","jetpack_publicize_message":"","jetpack_publicize_feature_enabled":true,"jetpack_social_post_already_shared":true,"jetpack_social_options":{"image_generator_settings":{"template":"highway","default_image_id":0,"font":"","enabled":false},"version":2}},"categories":[8,56,5,10],"tags":[],"class_list":["post-865677","post","type-post","status-publish","format-standard","hentry","category-ccbs","category-covid-19","category-noticias","category-noticias-destaque"],"jetpack_publicize_connections":[],"jetpack_featured_media_url":"","jetpack_sharing_enabled":true,"jetpack_shortlink":"https:\/\/wp.me\/p7WTD4-3Dcx","_links":{"self":[{"href":"https:\/\/centros.uepb.edu.br\/ccbs\/wp-json\/wp\/v2\/posts\/865677","targetHints":{"allow":["GET"]}}],"collection":[{"href":"https:\/\/centros.uepb.edu.br\/ccbs\/wp-json\/wp\/v2\/posts"}],"about":[{"href":"https:\/\/centros.uepb.edu.br\/ccbs\/wp-json\/wp\/v2\/types\/post"}],"author":[{"embeddable":true,"href":"https:\/\/centros.uepb.edu.br\/ccbs\/wp-json\/wp\/v2\/users\/25"}],"replies":[{"embeddable":true,"href":"https:\/\/centros.uepb.edu.br\/ccbs\/wp-json\/wp\/v2\/comments?post=865677"}],"version-history":[{"count":0,"href":"https:\/\/centros.uepb.edu.br\/ccbs\/wp-json\/wp\/v2\/posts\/865677\/revisions"}],"wp:attachment":[{"href":"https:\/\/centros.uepb.edu.br\/ccbs\/wp-json\/wp\/v2\/media?parent=865677"}],"wp:term":[{"taxonomy":"category","embeddable":true,"href":"https:\/\/centros.uepb.edu.br\/ccbs\/wp-json\/wp\/v2\/categories?post=865677"},{"taxonomy":"post_tag","embeddable":true,"href":"https:\/\/centros.uepb.edu.br\/ccbs\/wp-json\/wp\/v2\/tags?post=865677"}],"curies":[{"name":"wp","href":"https:\/\/api.w.org\/{rel}","templated":true}]}}