{"id":865507,"date":"2017-08-29T19:49:33","date_gmt":"2017-08-29T19:49:33","guid":{"rendered":"http:\/\/www.uepb.edu.br\/?p=34923"},"modified":"2017-08-29T19:49:33","modified_gmt":"2017-08-29T19:49:33","slug":"congresso-internacional-de-envelhecimento-humano-discutira-ciencia-e-representacoes-da-longevidade-3","status":"publish","type":"post","link":"https:\/\/centros.uepb.edu.br\/ccbs\/congresso-internacional-de-envelhecimento-humano-discutira-ciencia-e-representacoes-da-longevidade-3\/","title":{"rendered":"Congresso Internacional de Envelhecimento Humano discutir\u00e1 \u201cCi\u00eancia e Representa\u00e7\u00f5es da Longevidade\u201d"},"content":{"rendered":"<p><img loading=\"lazy\" decoding=\"async\" src=\"https:\/\/centros.uepb.edu.br\/ccbs\/files\/2017\/08\/Congresso-de-Envelhecimento-Humano-300x162.jpg\" width=\"300\" height=\"162\" alt=\"Congresso Internacional de Envelhecimento Humano discutir\u00e1 \u201cCi\u00eancia e Representa\u00e7\u00f5es da Longevidade\u201d\" \/><\/p>\n<p>O Congresso Internacional de Envelhecimento Humano (CIEH), com realiza\u00e7\u00e3o bianual, teve sua primeira edi\u00e7\u00e3o em 2007. E em 2017, em sua quinta edi\u00e7\u00e3o, o evento trar\u00e1 como tem\u00e1tica a discuss\u00e3o sobre &#8220;Ci\u00eancia e Representa\u00e7\u00f5es da Longevidade&#8221;, destacando sobre as representa\u00e7\u00f5es da velhice na sociedade contempor\u00e2nea, al\u00e9m do aumento do n\u00famero da popula\u00e7\u00e3o idosa.<\/p>\n<p>O evento ser\u00e1 realizado de 22 a 24 de novembro de 2017, no Centro Cultural e de Exposi\u00e7\u00f5es Ruth Cardoso \u2013 Centro de Conven\u00e7\u00f5es, em Macei\u00f3 (AL) e tem como objetivos: oportunizar e fomentar a divulga\u00e7\u00e3o cient\u00edfica e o interc\u00e2mbio entre estudantes, profissionais e pesquisadores, com discuss\u00f5es sobre as transforma\u00e7\u00f5es, impactos e perspectivas relacionadas ao envelhecimento humano; al\u00e9m de debater propostas que visam a melhoria da qualidade de vida da popula\u00e7\u00e3o idosa, e estimular a produ\u00e7\u00e3o de conhecimento na perspectiva da interdisciplinaridade.<\/p>\n<p>O envelhecimento populacional \u00e9 um fen\u00f4meno que ocorre em escala global e esse processo caracteriza-se pelo constante aumento da expectativa de vida, tornando-se um tema cada vez mais recorrente nos estudos cient\u00edficos, devido, dentre outros fatores, a esse aumento expressivo do n\u00famero de idosos, evidenciado por exemplo, em estudos realizados pela Divis\u00e3o de Popula\u00e7\u00e3o da Organiza\u00e7\u00e3o das Na\u00e7\u00f5es Unidas que mostram que em 1975, o n\u00famero de pessoas com mais de 60 anos girava em torno de 300 milh\u00f5es. A partir dessa mesma pesquisa, estimativas apontam que, em 2025, o n\u00famero de pessoas com mais de 60 anos ultrapassar\u00e1 a marca de 1 bilh\u00e3o.<\/p>\n<p>O 5\u00ba CIEH \u00e9 um evento cient\u00edfico que engloba atividades que possibilitam o debate entre os participantes atrav\u00e9s de confer\u00eancias, palestras, simp\u00f3sios, mesas-redondas, apresenta\u00e7\u00e3o de trabalhos, atividades culturais, dentre outras, com um amplo acesso as diversas formas de informa\u00e7\u00f5es acerca do envelhecimento, al\u00e9m de ser uma grande oportunidade de troca de experi\u00eancias.<\/p>\n<p>Destaca-se que a tem\u00e1tica do evento representa o expressivo interesse em discuss\u00f5es relevantes sobre: Gerontologia Social, Doen\u00e7as Biopsicossociais no Processo de Envelhecimento, Pr\u00e1ticas Cl\u00ednicas e Terap\u00eauticas direcionadas a Pessoa Idosa, Processo de Cuidar em Enfermagem e a Sa\u00fade da Pessoa Idosa, Fisioterapia Gerontol\u00f3gica, Odontogeriatria, Atividade f\u00edsica, estilo de vida e longevidade, Envelhecimento Ativo e Bem sucedido, Afetividade, Sexualidade e Envelhecimento, Pol\u00edticas P\u00fablicas e Direito da Pessoa Idosa, Cuidadores de pessoas idosas: forma\u00e7\u00e3o e compet\u00eancias, Universidades Abertas \u00e0 Terceira Idade, Inclus\u00e3o digital, Tecnologias da informa\u00e7\u00e3o e comunica\u00e7\u00e3o no envelhecimento, Aposentadoria, Mercado de Trabalho e Institui\u00e7\u00f5es de Longa Perman\u00eancia, Envelhecimento e Interdisciplinaridade e Acessibilidade urbana e concep\u00e7\u00f5es arquitet\u00f4nicas.<\/p>\n<p>O 5\u00ba CIEH conta com o apoio de diversas institui\u00e7\u00f5es, dentre elas: Universidade Estadual da Para\u00edba (UEPB), Associa\u00e7\u00e3o Nacional de Gerontologia do Brasil (ANG), Conselho Regional de Farm\u00e1cia do RS (CRF RS), Coordena\u00e7\u00e3o de Aperfei\u00e7oamento de Pessoal de N\u00edvel Superior (CAPES), Macei\u00f3 Convention &amp; Visitors Bureau e Secretaria de Turismo de Macei\u00f3, sendo uma realiza\u00e7\u00e3o do Centro Multidisciplinar de Estudos e Pesquisas (CEMEP).<\/p>\n<p>As inscri\u00e7\u00f5es para o congresso est\u00e3o abertas e podem ser feitas atrav\u00e9s do endere\u00e7o eletr\u00f4nico: <a href=\"http:\/\/www.cieh.com.br\/\">www.cieh.com.br<\/a> at\u00e9 o dia 16 de novembro de 2017, com prazo final para submiss\u00e3o de trabalhos o dia 11 de setembro de 2017. Podem participar do congresso: professores, pesquisadores, estudantes de gradua\u00e7\u00e3o, licenciaturas e de p\u00f3s-gradua\u00e7\u00e3o. Outras informa\u00e7\u00f5es pelo telefone (83) 3322-3222.<\/p>\n<p>&nbsp;<\/p>\n<p><em><strong>Colabora\u00e7\u00e3o:<\/strong> Realize Eventos<\/em><\/p>\n<p>O post <a rel=\"nofollow\" href=\"http:\/\/www.uepb.edu.br\/congresso-internacional-de-envelhecimento-humano-discutira-ciencia-e-representacoes-da-longevidade\/\">Congresso Internacional de Envelhecimento Humano discutir\u00e1 &#8220;Ci\u00eancia e Representa\u00e7\u00f5es da Longevidade&#8221;<\/a> apareceu primeiro em <a rel=\"nofollow\" href=\"http:\/\/www.uepb.edu.br\/\">UEPB<\/a>.<\/p>\n","protected":false},"excerpt":{"rendered":"<p>O Congresso Internacional de Envelhecimento Humano (CIEH), com realiza&ccedil;&atilde;o bianual, teve sua primeira edi&ccedil;&atilde;o em 2007. E em 2017, em sua quinta edi&ccedil;&atilde;o, o evento trar&aacute; como tem&aacute;tica a discuss&atilde;o sobre &ldquo;Ci&ecirc;ncia e Representa&ccedil;&otilde;es da Longevidade&rdquo;, destacando sobre as representa&ccedil;&otilde;es da velhice na sociedade contempor&acirc;nea, al&eacute;m do aumento do n&uacute;mero da popula&ccedil;&atilde;o idosa. O evento <a href=\"http:\/\/www.uepb.edu.br\/congresso-internacional-de-envelhecimento-humano-discutira-ciencia-e-representacoes-da-longevidade\/\">Leia Mais&#8230;<\/a><\/p>\n<p>O post <a rel=\"nofollow\" href=\"http:\/\/www.uepb.edu.br\/congresso-internacional-de-envelhecimento-humano-discutira-ciencia-e-representacoes-da-longevidade\/\">Congresso Internacional de Envelhecimento Humano discutir&aacute; &ldquo;Ci&ecirc;ncia e Representa&ccedil;&otilde;es da Longevidade&rdquo;<\/a> apareceu primeiro em <a rel=\"nofollow\" href=\"http:\/\/www.uepb.edu.br\/\">UEPB<\/a>.<\/p>\n","protected":false},"author":25,"featured_media":0,"comment_status":"closed","ping_status":"closed","sticky":false,"template":"","format":"standard","meta":{"jetpack_post_was_ever_published":false,"_jetpack_newsletter_access":"","_jetpack_dont_email_post_to_subs":false,"_jetpack_newsletter_tier_id":0,"_jetpack_memberships_contains_paywalled_content":false,"_jetpack_memberships_contains_paid_content":false,"footnotes":"","jetpack_publicize_message":"","jetpack_publicize_feature_enabled":true,"jetpack_social_post_already_shared":true,"jetpack_social_options":{"image_generator_settings":{"template":"highway","default_image_id":0,"font":"","enabled":false},"version":2}},"categories":[15,8,5],"tags":[],"class_list":["post-865507","post","type-post","status-publish","format-standard","hentry","category-agend-noticias-destaque-img","category-ccbs","category-noticias"],"jetpack_publicize_connections":[],"jetpack_featured_media_url":"","jetpack_sharing_enabled":true,"jetpack_shortlink":"https:\/\/wp.me\/p7WTD4-3D9N","_links":{"self":[{"href":"https:\/\/centros.uepb.edu.br\/ccbs\/wp-json\/wp\/v2\/posts\/865507","targetHints":{"allow":["GET"]}}],"collection":[{"href":"https:\/\/centros.uepb.edu.br\/ccbs\/wp-json\/wp\/v2\/posts"}],"about":[{"href":"https:\/\/centros.uepb.edu.br\/ccbs\/wp-json\/wp\/v2\/types\/post"}],"author":[{"embeddable":true,"href":"https:\/\/centros.uepb.edu.br\/ccbs\/wp-json\/wp\/v2\/users\/25"}],"replies":[{"embeddable":true,"href":"https:\/\/centros.uepb.edu.br\/ccbs\/wp-json\/wp\/v2\/comments?post=865507"}],"version-history":[{"count":0,"href":"https:\/\/centros.uepb.edu.br\/ccbs\/wp-json\/wp\/v2\/posts\/865507\/revisions"}],"wp:attachment":[{"href":"https:\/\/centros.uepb.edu.br\/ccbs\/wp-json\/wp\/v2\/media?parent=865507"}],"wp:term":[{"taxonomy":"category","embeddable":true,"href":"https:\/\/centros.uepb.edu.br\/ccbs\/wp-json\/wp\/v2\/categories?post=865507"},{"taxonomy":"post_tag","embeddable":true,"href":"https:\/\/centros.uepb.edu.br\/ccbs\/wp-json\/wp\/v2\/tags?post=865507"}],"curies":[{"name":"wp","href":"https:\/\/api.w.org\/{rel}","templated":true}]}}