{"id":77,"date":"2013-09-18T14:26:28","date_gmt":"2013-09-18T14:26:28","guid":{"rendered":"\/ccbs\/?p=77"},"modified":"2014-06-18T22:25:41","modified_gmt":"2014-06-18T22:25:41","slug":"professores-do-ccbs-participam-de-congresso-e-oficializam-participacao-em-gt-sobre-biomonitoramento","status":"publish","type":"post","link":"https:\/\/centros.uepb.edu.br\/ccbs\/professores-do-ccbs-participam-de-congresso-e-oficializam-participacao-em-gt-sobre-biomonitoramento\/","title":{"rendered":"Professores do CCBS participam de congresso e oficializam participa\u00e7\u00e3o em GT sobre biomonitoramento"},"content":{"rendered":"<p><a href=\"http:\/\/centros.ascom.uepb.edu.br\/ccbs\/files\/2013\/09\/IMG_5282.jpg\"><img loading=\"lazy\" decoding=\"async\" class=\"alignleft size-medium wp-image-93 img-responsive\" src=\"http:\/\/centros.ascom.uepb.edu.br\/ccbs\/files\/2013\/09\/IMG_5282-300x225.jpg\" alt=\"IMG_5282\" width=\"224\" height=\"168\" \/><\/a>A professora Joseline Molozzi, coordenadora adjunta do Programa de P\u00f3s-Gradua\u00e7\u00e3o em Ecologia e Conserva\u00e7\u00e3o da Universidade Estadual da Para\u00edba (UEPB) e o vice-reitor Jos\u00e9 Etham de Lucena Barbosa participaram, entre os dias 8 e 12 de setembro, do 14\u00aa Congresso Brasileiro de Limnologia: \u00c1guas Brasileiras: Conserva\u00e7\u00e3o, Gest\u00e3o e Sustentabilidade, na cidade de Bonito (MS). Em reuni\u00e3o realizada durante o evento foi oficialmente firmada a participa\u00e7\u00e3o da UEPB, atrav\u00e9s da professora Joseline Molozzi, no Grupo de Trabalho (GT) de Planejamento Estrat\u00e9gico para a Implanta\u00e7\u00e3o de Programas de Monitoramento Biol\u00f3gico e Ecologia de \u00c1guas Doces, composto por universidades brasileiras.<\/p>\n<p>O GT \u00e9 reconhecido pela Ag\u00eancia Nacional de \u00c1guas (ANA) e pela Associa\u00e7\u00e3o Brasileira de Limnologia, <a href=\"http:\/\/centros.ascom.uepb.edu.br\/ccbs\/files\/2013\/09\/p\u00e1gina-evento.png\"><img loading=\"lazy\" decoding=\"async\" class=\"alignright img-responsive\" src=\"http:\/\/centros.ascom.uepb.edu.br\/ccbs\/files\/2013\/09\/p\u00e1gina-evento-300x120.png\" alt=\"p\u00e1gina evento\" width=\"300\" height=\"120\" \/><\/a>tendo como objetivos o debate sobre as bases para implanta\u00e7\u00e3o de programas e a padroniza\u00e7\u00e3o de metodologias de biomonitoramento no Brasil, incialmente utilizando macroinvertebrados como bioindicadores. Nesta reuni\u00e3o ficou acordado que a UEPB, por meio dos seus representantes, ficar\u00e1 respons\u00e1vel pela organiza\u00e7\u00e3o, em 2015, de um\u00a0 curso\u00a0 de trigam e identifica\u00e7\u00e3o de macroinvertebrados, contando com a participa\u00e7\u00e3o de renomeados pesquisadores nacionais, al\u00e9m da organiza\u00e7\u00e3o de um evento para o segundo semestre sobre \u201c\u00c1guas no Semi\u00e1rido\u201d.<\/p>\n<p>Durante o evento foi acertado com o editor da Revista Acta Limnologica Brasiliensia, professor doutor Ant\u00f4nio Camargo, uma edi\u00e7\u00e3o especial somente com trabalhos realizados no semi\u00e1rido, no qual os dois professores ficaram respons\u00e1veis pela organiza\u00e7\u00e3o dessa edi\u00e7\u00e3o. Na oportunidade, os professores conseguiram tamb\u00e9m o apoio financeiro da Sociedade Brasileira de Limnologia para o evento que est\u00e1 sendo organizado pela P\u00f3s-Gradua\u00e7\u00e3o em Ecologia e Conserva\u00e7\u00e3o, pelo Departamento de Biologia e pela Dire\u00e7\u00e3o do CCBS, o 4\u00ba Bioindex, encontro sobre o uso de bioindicadores na avalia\u00e7\u00e3o da qualidade ambiental, que ser\u00e1 realizado de 28 a 30 de outubro na UEPB.<\/p>\n","protected":false},"excerpt":{"rendered":"<p>A professora Joseline Molozzi, coordenadora adjunta do Programa de P\u00f3s-Gradua\u00e7\u00e3o em Ecologia e Conserva\u00e7\u00e3o da Universidade Estadual da Para\u00edba (UEPB) e o vice-reitor Jos\u00e9 Etham de Lucena Barbosa participaram, entre os dias 8 e 12 de setembro, do 14\u00aa Congresso Brasileiro de Limnologia: \u00c1guas Brasileiras: Conserva\u00e7\u00e3o, Gest\u00e3o e Sustentabilidade, na cidade de Bonito (MS). Em <a class=\"leiamais\" href=\"https:\/\/centros.uepb.edu.br\/ccbs\/professores-do-ccbs-participam-de-congresso-e-oficializam-participacao-em-gt-sobre-biomonitoramento\/\">Leia Mais&#8230;<\/a><\/p>\n","protected":false},"author":1,"featured_media":92,"comment_status":"open","ping_status":"open","sticky":false,"template":"","format":"standard","meta":{"jetpack_post_was_ever_published":false,"_jetpack_newsletter_access":"","_jetpack_dont_email_post_to_subs":false,"_jetpack_newsletter_tier_id":0,"_jetpack_memberships_contains_paywalled_content":false,"_jetpack_memberships_contains_paid_content":false,"footnotes":"","jetpack_publicize_message":"","jetpack_publicize_feature_enabled":true,"jetpack_social_post_already_shared":false,"jetpack_social_options":{"image_generator_settings":{"template":"highway","default_image_id":0,"font":"","enabled":false},"version":2}},"categories":[5],"tags":[],"class_list":["post-77","post","type-post","status-publish","format-standard","has-post-thumbnail","hentry","category-noticias"],"jetpack_publicize_connections":[],"jetpack_featured_media_url":"","jetpack_sharing_enabled":true,"jetpack_shortlink":"https:\/\/wp.me\/p7WTD4-1f","_links":{"self":[{"href":"https:\/\/centros.uepb.edu.br\/ccbs\/wp-json\/wp\/v2\/posts\/77","targetHints":{"allow":["GET"]}}],"collection":[{"href":"https:\/\/centros.uepb.edu.br\/ccbs\/wp-json\/wp\/v2\/posts"}],"about":[{"href":"https:\/\/centros.uepb.edu.br\/ccbs\/wp-json\/wp\/v2\/types\/post"}],"author":[{"embeddable":true,"href":"https:\/\/centros.uepb.edu.br\/ccbs\/wp-json\/wp\/v2\/users\/1"}],"replies":[{"embeddable":true,"href":"https:\/\/centros.uepb.edu.br\/ccbs\/wp-json\/wp\/v2\/comments?post=77"}],"version-history":[{"count":0,"href":"https:\/\/centros.uepb.edu.br\/ccbs\/wp-json\/wp\/v2\/posts\/77\/revisions"}],"wp:featuredmedia":[{"embeddable":true,"href":"https:\/\/centros.uepb.edu.br\/ccbs\/wp-json\/"}],"wp:attachment":[{"href":"https:\/\/centros.uepb.edu.br\/ccbs\/wp-json\/wp\/v2\/media?parent=77"}],"wp:term":[{"taxonomy":"category","embeddable":true,"href":"https:\/\/centros.uepb.edu.br\/ccbs\/wp-json\/wp\/v2\/categories?post=77"},{"taxonomy":"post_tag","embeddable":true,"href":"https:\/\/centros.uepb.edu.br\/ccbs\/wp-json\/wp\/v2\/tags?post=77"}],"curies":[{"name":"wp","href":"https:\/\/api.w.org\/{rel}","templated":true}]}}