{"id":59,"date":"2013-08-27T12:33:21","date_gmt":"2013-08-27T12:33:21","guid":{"rendered":"\/ccbs\/?p=59"},"modified":"2013-09-18T15:01:09","modified_gmt":"2013-09-18T15:01:09","slug":"reitor-se-reune-com-diretores-de-centros-e-discute-medidas-de-seguranca-para-a-instituicao","status":"publish","type":"post","link":"https:\/\/centros.uepb.edu.br\/ccbs\/reitor-se-reune-com-diretores-de-centros-e-discute-medidas-de-seguranca-para-a-instituicao\/","title":{"rendered":"Reitor se re\u00fane com diretores de Centros e discute medidas de seguran\u00e7a para a Institui\u00e7\u00e3o"},"content":{"rendered":"<p><a href=\"http:\/\/centros.ascom.uepb.edu.br\/ccbs\/files\/2013\/08\/Reitor-discute-seguran\u00e7a-no-Campus-I-com-diretores-de-Centro-Foto-2.jpg\"><img loading=\"lazy\" decoding=\"async\" class=\"alignleft size-medium wp-image-63 img-responsive\" alt=\"Reitor-discute-seguran\u00e7a-no-Campus-I-com-diretores-de-Centro-Foto-2\" src=\"http:\/\/centros.ascom.uepb.edu.br\/ccbs\/files\/2013\/08\/Reitor-discute-seguran\u00e7a-no-Campus-I-com-diretores-de-Centro-Foto-2-300x168.jpg\" width=\"300\" height=\"168\" \/><\/a>O reitor da Universidade Estadual da Para\u00edba (UEPB), professor Rangel Junior, se reuniu na manh\u00e3 desta sexta-feira (23), no Gabinete da Reitoria, em Bodocong\u00f3, com os diretores de centros do Campus I da institui\u00e7\u00e3o e debateu com os gestores sobre as medidas que a Reitoria vem colocando em pr\u00e1tica como forma de garantir a seguran\u00e7a no Campus.<\/p>\n<p>Al\u00e9m do reitor, participaram da reuni\u00e3o o pr\u00f3-reitor de Infraestrutura, \u00c1lvaro Luiz; o chefe da seguran\u00e7a e o consultor de seguran\u00e7a da institui\u00e7\u00e3o, respectivamente, Joel Furtado e Dimitri Petrossian; bem como os professores Juraci Regis e Edvaldo de Oliviera, diretor e diretor adjunto do Centro de Ci\u00eancia e Tecnologia (CCT); o professor Ricardo Soares, diretor do Ceduc; a professora Dilma Trov\u00e3o, diretora do Centro de Ci\u00eancias Biol\u00f3gicas e da Sa\u00fade (CCBS) e a professora Mar\u00edlia Tomaz de Oliveira, diretora adjunta do Centro de Ci\u00eancias Sociais Aplicadas (CCSA).<\/p>\n<p>Durante a reuni\u00e3o, o reitor Rangel Junior, o pr\u00f3-reitor \u00c1lvaro Luiz e os respons\u00e1veis pela seguran\u00e7a da UEPB expuseram as medidas que est\u00e3o sendo adotadas no Campus, como a implanta\u00e7\u00e3o do sistema de monitoramento eletr\u00f4nico, melhorias na ilumina\u00e7\u00e3o, podas de \u00e1rvores e a intensifica\u00e7\u00e3o das rondas policiais. O reitor Rangel Junior ouviu todos os gestores e falou de outros projetos que ser\u00e3o executados em breve, a exemplo do cercamento de parte do Campus, a instala\u00e7\u00e3o de grades em alguns pr\u00e9dios, entre outras medidas.<\/p>\n<p>Rangel Junior observou que a Universidade \u00e9 dividida em cinco pontos diferentes, o que torna complexa a implementa\u00e7\u00e3o das estrat\u00e9gias de controle de entrada e sa\u00edda no Campus. Ele tamb\u00e9m relatou que j\u00e1 manteve audi\u00eancias com o comando da Pol\u00edcia Militar para tratar do assunto. Diante dos gestores, ele tamb\u00e9m destacou a import\u00e2ncia da implanta\u00e7\u00e3o do sistema de monitoramento eletr\u00f4nico, uma vez que a instala\u00e7\u00e3o de c\u00e2meras visa prevenir e identificar poss\u00edveis agressores, bem como registrar as pessoas que provocam danos ao patrim\u00f4nio p\u00fablico.<\/p>\n<p>Outro assunto tratado pelo reitor foi a instala\u00e7\u00e3o de um posto de atendimento banc\u00e1rio no Campus. Como forma de esclarecer a comunidade universit\u00e1ria, ele garantiu que se trata apenas de um servi\u00e7o que a Institui\u00e7\u00e3o vai prestar em atendimento e que no posto n\u00e3o ser\u00e1 feita nenhuma movimenta\u00e7\u00e3o de dinheiro. \u201cO posto de atendimento banc\u00e1rio n\u00e3o ter\u00e1 caixa eletr\u00f4nico para atrair os bandidos. A unidade servir\u00e1 para o atendimento de estudantes, professores e servidores da Institui\u00e7\u00e3o que possuem conta banc\u00e1ria e precisam realizar alguns procedimentos que n\u00e3o envolvem movimenta\u00e7\u00e3o de dinheiro\u201d, explicou.<\/p>\n","protected":false},"excerpt":{"rendered":"<p>O reitor da Universidade Estadual da Para\u00edba (UEPB), professor Rangel Junior, se reuniu na manh\u00e3 desta sexta-feira (23), no Gabinete da Reitoria, em Bodocong\u00f3, com os diretores de centros do Campus I da institui\u00e7\u00e3o e debateu com os gestores sobre as medidas que a Reitoria vem colocando em pr\u00e1tica como forma de garantir a seguran\u00e7a <a class=\"leiamais\" href=\"https:\/\/centros.uepb.edu.br\/ccbs\/reitor-se-reune-com-diretores-de-centros-e-discute-medidas-de-seguranca-para-a-instituicao\/\">Leia Mais&#8230;<\/a><\/p>\n","protected":false},"author":1,"featured_media":62,"comment_status":"open","ping_status":"open","sticky":false,"template":"","format":"standard","meta":{"jetpack_post_was_ever_published":false,"_jetpack_newsletter_access":"","_jetpack_dont_email_post_to_subs":false,"_jetpack_newsletter_tier_id":0,"_jetpack_memberships_contains_paywalled_content":false,"_jetpack_memberships_contains_paid_content":false,"footnotes":"","jetpack_publicize_message":"","jetpack_publicize_feature_enabled":true,"jetpack_social_post_already_shared":false,"jetpack_social_options":{"image_generator_settings":{"template":"highway","default_image_id":0,"font":"","enabled":false},"version":2}},"categories":[5],"tags":[],"class_list":["post-59","post","type-post","status-publish","format-standard","has-post-thumbnail","hentry","category-noticias"],"jetpack_publicize_connections":[],"jetpack_featured_media_url":"","jetpack_sharing_enabled":true,"jetpack_shortlink":"https:\/\/wp.me\/p7WTD4-X","_links":{"self":[{"href":"https:\/\/centros.uepb.edu.br\/ccbs\/wp-json\/wp\/v2\/posts\/59","targetHints":{"allow":["GET"]}}],"collection":[{"href":"https:\/\/centros.uepb.edu.br\/ccbs\/wp-json\/wp\/v2\/posts"}],"about":[{"href":"https:\/\/centros.uepb.edu.br\/ccbs\/wp-json\/wp\/v2\/types\/post"}],"author":[{"embeddable":true,"href":"https:\/\/centros.uepb.edu.br\/ccbs\/wp-json\/wp\/v2\/users\/1"}],"replies":[{"embeddable":true,"href":"https:\/\/centros.uepb.edu.br\/ccbs\/wp-json\/wp\/v2\/comments?post=59"}],"version-history":[{"count":0,"href":"https:\/\/centros.uepb.edu.br\/ccbs\/wp-json\/wp\/v2\/posts\/59\/revisions"}],"wp:featuredmedia":[{"embeddable":true,"href":"https:\/\/centros.uepb.edu.br\/ccbs\/wp-json\/"}],"wp:attachment":[{"href":"https:\/\/centros.uepb.edu.br\/ccbs\/wp-json\/wp\/v2\/media?parent=59"}],"wp:term":[{"taxonomy":"category","embeddable":true,"href":"https:\/\/centros.uepb.edu.br\/ccbs\/wp-json\/wp\/v2\/categories?post=59"},{"taxonomy":"post_tag","embeddable":true,"href":"https:\/\/centros.uepb.edu.br\/ccbs\/wp-json\/wp\/v2\/tags?post=59"}],"curies":[{"name":"wp","href":"https:\/\/api.w.org\/{rel}","templated":true}]}}