{"id":52,"date":"2013-08-22T11:43:52","date_gmt":"2013-08-22T11:43:52","guid":{"rendered":"\/ccbs\/?p=52"},"modified":"2013-09-18T14:34:00","modified_gmt":"2013-09-18T14:34:00","slug":"departamento-de-psicologia-da-uepb-comemora-dia-do-psicologo-com-palestras-e-mesas-redondas","status":"publish","type":"post","link":"https:\/\/centros.uepb.edu.br\/ccbs\/departamento-de-psicologia-da-uepb-comemora-dia-do-psicologo-com-palestras-e-mesas-redondas\/","title":{"rendered":"Departamento de Psicologia da UEPB comemora Dia do Psic\u00f3logo com palestras e mesas redondas"},"content":{"rendered":"<p><a href=\"http:\/\/centros.ascom.uepb.edu.br\/ccbs\/files\/2013\/08\/Dia-Psicologo2.jpg\"><img loading=\"lazy\" decoding=\"async\" class=\"alignleft size-medium wp-image-56 img-responsive\" alt=\"Dia-Psicologo2\" src=\"http:\/\/centros.ascom.uepb.edu.br\/ccbs\/files\/2013\/08\/Dia-Psicologo2-300x168.jpg\" width=\"251\" height=\"140\" \/><\/a>O Departamento de Psicologia da Universidade Estadual da Para\u00edba (UEPB), em parceria com a Empresa J\u00fanior de Psicologia da UEPB \u2013 Transformare, realiza nesta quinta-feira (22), atividade alusiva ao Dia Nacional do Psic\u00f3logo. O evento, aberto ao p\u00fabico, e em especial aos estudantes da \u00e1rea, acontece a partir das 8h e se estende at\u00e9 \u00e0s 16h, no Audit\u00f3rio do Departamento de Psicologia, no Campus I, em Bodocong\u00f3.<\/p>\n<p>Durante o evento, diversos profissionais da Psicologia formados na UEPB e em outras institui\u00e7\u00f5es de ensino superior, participar\u00e3o de duas mesas redondas e uma palestra com diversas tem\u00e1ticas da \u00e1rea. A abertura dos trabalhos ser\u00e1 feito pela professora C\u00e9lia Regina Diniz. \u00c0s 8h30 acontece a mesa redonda \u201cAs Psicologias e o Di\u00e1logo com outros Saberes\u201d, coordenada pelo professor Jorge Dellane. Compor\u00e3o a mesa, o psic\u00f3logo Helder Camilo, o graduando da UFCG, Guilherme Gai\u00e3o, e o graduando em Psicologia da UEPB, Thiago Fernandes.<\/p>\n<p>O evento prossegue \u00e0s 10h com a palestra \u201cA Psicologia nas Situa\u00e7\u00f5es de Emerg\u00eancia e Desastres\u201d a ser ministrada pela Dra. \u00c2ngela Co\u00ealho. Com <a href=\"http:\/\/centros.ascom.uepb.edu.br\/ccbs\/files\/2013\/08\/Dia-Psicologo.jpg\"><img loading=\"lazy\" decoding=\"async\" class=\"size-medium wp-image-55 alignright img-responsive\" alt=\"Dia-Psicologo\" src=\"http:\/\/centros.ascom.uepb.edu.br\/ccbs\/files\/2013\/08\/Dia-Psicologo-300x168.jpg\" width=\"251\" height=\"140\" \/><\/a>p\u00f3s-doutorado em Psicologia Social pela University of Manitoba, no Canad\u00e1, ela tamb\u00e9m comandar\u00e1 um debate que se estender\u00e1 at\u00e9 \u00e0s 11h15.<\/p>\n<p>No turno da tarde, acontece a mesa redonda \u201cTemas Atuais na Psicologia\u201d, sob a coordena\u00e7\u00e3o da Dra. Maria L\u00edgia Gouveia, doutora em Psicologia Social pela Universidade Federal da Para\u00edba (UFPB). Participar\u00e3o dessa mesa, a psic\u00f3loga cl\u00ednica e mestre em Ci\u00eancias das Religi\u00f5es, Ana Sandra Fernandes, e a psic\u00f3loga Myrna Agra Maracaj\u00e1, doutora em Psicologia Cl\u00ednica e mestre em Literatura e Interculturalidade.<\/p>\n<p><b>O profissional da Psicologia<\/b><\/p>\n<p>Psic\u00f3logo \u00e9 o profissional da \u00e1rea da sa\u00fade que se dedica a analisar o comportamento do ser humano e, assim, poder ajud\u00e1-lo a enfrentar seus problemas emocionais. O Curso de Psicologia da UEPB prepara, ano a ano, centenas de profissionais que ingressam no mercado de trabalho. Al\u00e9m disso, a Cl\u00ednica Escola de Psicologia realiza atendimentos gratuitos a popula\u00e7\u00e3o.<\/p>\n","protected":false},"excerpt":{"rendered":"<p>O Departamento de Psicologia da Universidade Estadual da Para\u00edba (UEPB), em parceria com a Empresa J\u00fanior de Psicologia da UEPB \u2013 Transformare, realiza nesta quinta-feira (22), atividade alusiva ao Dia Nacional do Psic\u00f3logo. O evento, aberto ao p\u00fabico, e em especial aos estudantes da \u00e1rea, acontece a partir das 8h e se estende at\u00e9 \u00e0s <a class=\"leiamais\" href=\"https:\/\/centros.uepb.edu.br\/ccbs\/departamento-de-psicologia-da-uepb-comemora-dia-do-psicologo-com-palestras-e-mesas-redondas\/\">Leia Mais&#8230;<\/a><\/p>\n","protected":false},"author":1,"featured_media":0,"comment_status":"open","ping_status":"open","sticky":false,"template":"","format":"standard","meta":{"jetpack_post_was_ever_published":false,"_jetpack_newsletter_access":"","_jetpack_dont_email_post_to_subs":false,"_jetpack_newsletter_tier_id":0,"_jetpack_memberships_contains_paywalled_content":false,"_jetpack_memberships_contains_paid_content":false,"footnotes":"","jetpack_publicize_message":"","jetpack_publicize_feature_enabled":true,"jetpack_social_post_already_shared":false,"jetpack_social_options":{"image_generator_settings":{"template":"highway","default_image_id":0,"font":"","enabled":false},"version":2}},"categories":[5],"tags":[],"class_list":["post-52","post","type-post","status-publish","format-standard","hentry","category-noticias"],"jetpack_publicize_connections":[],"jetpack_featured_media_url":"","jetpack_sharing_enabled":true,"jetpack_shortlink":"https:\/\/wp.me\/p7WTD4-Q","_links":{"self":[{"href":"https:\/\/centros.uepb.edu.br\/ccbs\/wp-json\/wp\/v2\/posts\/52","targetHints":{"allow":["GET"]}}],"collection":[{"href":"https:\/\/centros.uepb.edu.br\/ccbs\/wp-json\/wp\/v2\/posts"}],"about":[{"href":"https:\/\/centros.uepb.edu.br\/ccbs\/wp-json\/wp\/v2\/types\/post"}],"author":[{"embeddable":true,"href":"https:\/\/centros.uepb.edu.br\/ccbs\/wp-json\/wp\/v2\/users\/1"}],"replies":[{"embeddable":true,"href":"https:\/\/centros.uepb.edu.br\/ccbs\/wp-json\/wp\/v2\/comments?post=52"}],"version-history":[{"count":0,"href":"https:\/\/centros.uepb.edu.br\/ccbs\/wp-json\/wp\/v2\/posts\/52\/revisions"}],"wp:attachment":[{"href":"https:\/\/centros.uepb.edu.br\/ccbs\/wp-json\/wp\/v2\/media?parent=52"}],"wp:term":[{"taxonomy":"category","embeddable":true,"href":"https:\/\/centros.uepb.edu.br\/ccbs\/wp-json\/wp\/v2\/categories?post=52"},{"taxonomy":"post_tag","embeddable":true,"href":"https:\/\/centros.uepb.edu.br\/ccbs\/wp-json\/wp\/v2\/tags?post=52"}],"curies":[{"name":"wp","href":"https:\/\/api.w.org\/{rel}","templated":true}]}}