{"id":50816,"date":"2018-09-13T20:58:16","date_gmt":"2018-09-13T20:58:16","guid":{"rendered":"http:\/\/www.uepb.edu.br\/?p=43431"},"modified":"2018-09-13T20:58:16","modified_gmt":"2018-09-13T20:58:16","slug":"programa-de-educacao-pelo-trabalho-para-a-saude-divulga-resultado-final-da-selecao-de-preceptores","status":"publish","type":"post","link":"https:\/\/centros.uepb.edu.br\/ccbs\/programa-de-educacao-pelo-trabalho-para-a-saude-divulga-resultado-final-da-selecao-de-preceptores\/","title":{"rendered":"Programa de Educa\u00e7\u00e3o pelo Trabalho para a Sa\u00fade divulga resultado final da sele\u00e7\u00e3o de preceptores"},"content":{"rendered":"<p>A Universidade Estadual da Para\u00edba (UEPB) e a Secretaria Municipal de Sa\u00fade de Campina Grande, conjuntamente, divulgaram nesta quinta-feira (13) o resultado da sele\u00e7\u00e3o de preceptores para o Programa de Educa\u00e7\u00e3o pelo Trabalho para a Sa\u00fade (PET Sa\u00fade) Interprofissional 2018\/2020, para o desenvolvimento de a\u00e7\u00f5es na Aten\u00e7\u00e3o B\u00e1sica, contemplando a integra\u00e7\u00e3o entre os demais n\u00edveis de atua\u00e7\u00e3o, por meio de grupos tutoriais que envolvam comunidade acad\u00eamica e atores do Sistema \u00danico de Sa\u00fade (SUS).<\/p>\n<p>O resultado completo pode ser conferido clicando <a href=\"http:\/\/www.uepb.edu.br\/download\/1_2\/outros_editais\/PET-Interprofissionalidade-Selecao-de-Preceptores-Resultado-Final.pdf\"  rel=\"noopener\"><strong>AQUI<\/strong><\/a>.<\/p>\n<p>&nbsp;<\/p>\n<p>O post <a rel=\"nofollow\" href=\"http:\/\/www.uepb.edu.br\/programa-de-educacao-pelo-trabalho-para-a-saude-divulga-resultado-da-selecao-de-preceptores-para-rede-basica\/\">Programa de Educa\u00e7\u00e3o pelo Trabalho para a Sa\u00fade divulga resultado final da sele\u00e7\u00e3o de preceptores<\/a> apareceu primeiro em <a rel=\"nofollow\" href=\"http:\/\/www.uepb.edu.br\/\">UEPB<\/a>.<\/p>\n","protected":false},"excerpt":{"rendered":"<p>A Universidade Estadual da Para&iacute;ba (UEPB) e a Secretaria Municipal de Sa&uacute;de de Campina Grande, conjuntamente, divulgaram nesta quinta-feira (13) o resultado da sele&ccedil;&atilde;o de preceptores para o Programa de Educa&ccedil;&atilde;o pelo Trabalho para a Sa&uacute;de (PET Sa&uacute;de) Interprofissional 2018\/2020, para o desenvolvimento de a&ccedil;&otilde;es na Aten&ccedil;&atilde;o B&aacute;sica, contemplando a integra&ccedil;&atilde;o entre os demais n&iacute;veis <a href=\"http:\/\/www.uepb.edu.br\/programa-de-educacao-pelo-trabalho-para-a-saude-divulga-resultado-da-selecao-de-preceptores-para-rede-basica\/\">Leia Mais&#8230;<\/a><\/p>\n<p>O post <a rel=\"nofollow\" href=\"http:\/\/www.uepb.edu.br\/programa-de-educacao-pelo-trabalho-para-a-saude-divulga-resultado-da-selecao-de-preceptores-para-rede-basica\/\">Programa de Educa&ccedil;&atilde;o pelo Trabalho para a Sa&uacute;de divulga resultado final da sele&ccedil;&atilde;o de preceptores<\/a> apareceu primeiro em <a rel=\"nofollow\" href=\"http:\/\/www.uepb.edu.br\/\">UEPB<\/a>.<\/p>\n","protected":false},"author":25,"featured_media":0,"comment_status":"closed","ping_status":"closed","sticky":false,"template":"","format":"standard","meta":{"jetpack_post_was_ever_published":false,"_jetpack_newsletter_access":"","_jetpack_dont_email_post_to_subs":false,"_jetpack_newsletter_tier_id":0,"_jetpack_memberships_contains_paywalled_content":false,"_jetpack_memberships_contains_paid_content":false,"footnotes":"","jetpack_publicize_message":"","jetpack_publicize_feature_enabled":true,"jetpack_social_post_already_shared":true,"jetpack_social_options":{"image_generator_settings":{"template":"highway","default_image_id":0,"font":"","enabled":false},"version":2}},"categories":[8,5],"tags":[],"class_list":["post-50816","post","type-post","status-publish","format-standard","hentry","category-ccbs","category-noticias"],"jetpack_publicize_connections":[],"jetpack_featured_media_url":"","jetpack_sharing_enabled":true,"jetpack_shortlink":"https:\/\/wp.me\/p7WTD4-ddC","_links":{"self":[{"href":"https:\/\/centros.uepb.edu.br\/ccbs\/wp-json\/wp\/v2\/posts\/50816","targetHints":{"allow":["GET"]}}],"collection":[{"href":"https:\/\/centros.uepb.edu.br\/ccbs\/wp-json\/wp\/v2\/posts"}],"about":[{"href":"https:\/\/centros.uepb.edu.br\/ccbs\/wp-json\/wp\/v2\/types\/post"}],"author":[{"embeddable":true,"href":"https:\/\/centros.uepb.edu.br\/ccbs\/wp-json\/wp\/v2\/users\/25"}],"replies":[{"embeddable":true,"href":"https:\/\/centros.uepb.edu.br\/ccbs\/wp-json\/wp\/v2\/comments?post=50816"}],"version-history":[{"count":0,"href":"https:\/\/centros.uepb.edu.br\/ccbs\/wp-json\/wp\/v2\/posts\/50816\/revisions"}],"wp:attachment":[{"href":"https:\/\/centros.uepb.edu.br\/ccbs\/wp-json\/wp\/v2\/media?parent=50816"}],"wp:term":[{"taxonomy":"category","embeddable":true,"href":"https:\/\/centros.uepb.edu.br\/ccbs\/wp-json\/wp\/v2\/categories?post=50816"},{"taxonomy":"post_tag","embeddable":true,"href":"https:\/\/centros.uepb.edu.br\/ccbs\/wp-json\/wp\/v2\/tags?post=50816"}],"curies":[{"name":"wp","href":"https:\/\/api.w.org\/{rel}","templated":true}]}}