{"id":50812,"date":"2018-09-19T13:18:18","date_gmt":"2018-09-19T13:18:18","guid":{"rendered":"http:\/\/www.uepb.edu.br\/?p=43526"},"modified":"2018-09-19T13:18:18","modified_gmt":"2018-09-19T13:18:18","slug":"seminario-promovido-pela-uepb-debatera-questoes-relacionadas-ao-sistema-prisional-e-a-psicologia","status":"publish","type":"post","link":"https:\/\/centros.uepb.edu.br\/ccbs\/seminario-promovido-pela-uepb-debatera-questoes-relacionadas-ao-sistema-prisional-e-a-psicologia\/","title":{"rendered":"Semin\u00e1rio promovido pela UEPB debater\u00e1 quest\u00f5es relacionadas ao sistema prisional e a Psicologia"},"content":{"rendered":"<p>O Departamento de Psicologia da Universidade Estadual da Para\u00edba (UEPB), em parceria com n\u00facleos de pesquisa da UNESC e da CESREI, promove nesta quinta e sexta-feira, 20 e 21 de setembro, o 1\u00ba Semin\u00e1rio Sistema Prisional e Psicologia. O evento, de car\u00e1ter acad\u00eamico e cient\u00edfico, acontece no Audit\u00f3rio de Psicologia, no C\u00e2mpus de Bodocong\u00f3, em Campina Grande, e \u00e9 destinado a constru\u00e7\u00e3o de debates envolvendo professores e pesquisadores de diferentes Institui\u00e7\u00f5es de Ensino Superior.<\/p>\n<p>A atividade tamb\u00e9m conta com a participa\u00e7\u00e3o e contribui\u00e7\u00e3o de discentes pesquisadores da UEPB e ocorrer\u00e1 em forma de palestras e mesas redondas. A abertura ser\u00e1 \u00e0s 14h, com a participa\u00e7\u00e3o dos professores Francinaldo do Monte Pinto, da UEPB; Valdeci Feliciano Gomes (CESREI e UNESC); e Silnara Ara\u00fajo Galdino, psic\u00f3loga da Sa\u00fade na Ger\u00eancia Executiva de Ressocializa\u00e7\u00e3o do Sistema Penitenci\u00e1rio da Para\u00edba; al\u00e9m do tenente-coronel S\u00e9rgio Fonseca de Sousa, Secret\u00e1rio de Estado de Administra\u00e7\u00e3o Penitenci\u00e1ria da Para\u00edba; Maria Z\u00e9lia Ara\u00fajo, coordenadora do NUPE da Unesc; e F\u00e1bio Ronaldo, coordenador do NUPEX da Cesrei.<\/p>\n<p>As 14h30, ser\u00e1 ministrada a palestra \u201cPor Tr\u00e1s das Grades: Uma An\u00e1lise Sobre o sistema prisional no contexto da Cidade de Campina Grande\u201d, com a participa\u00e7\u00e3o do pesquisador Valdeci Feliciano Gomes e colabora\u00e7\u00e3o das acad\u00eamicas Luana Raquel Ferreira de Sousa e Melissa Piano Montenegro. O\u00a0primeiro dia do evento ter\u00e1 ainda as palestras &#8220;Tr\u00e1fico de drogas e sistema carcer\u00e1rio&#8221;, com o delegado Ramirez S\u00e3o Pedro; &#8220;Direito \u00e0 seguran\u00e7a p\u00fablica e sistema prisional&#8221;, com o advogado e professor Vin\u00edcius L\u00facio de Andrade; &#8220;A hist\u00f3ria das pris\u00f5es na obra de Michel Foucault&#8221;, com o professor Edmundo Gaud\u00eancio; &#8220;Psicologia penitenci\u00e1ria e sua rela\u00e7\u00e3o com os reclusos e agentes de seguran\u00e7a penitenci\u00e1ria&#8221;, com a especialista em Psicologia Jur\u00eddica, Silnara Galdino; e &#8220;Falhas no sistema prisional e aumento da criminalidade&#8221;, com o investigador criminal J\u00falio C\u00e9sar da Cruz Silva.<\/p>\n<p>J\u00e1 na sexta-feira (21), a programa\u00e7\u00e3o conta com as abordagens dos temas &#8220;A produ\u00e7\u00e3o da morte no Brasil: an\u00e1lise dos homic\u00eddios&#8221;, com o professor Vanderlan Silva; &#8220;Fac\u00e7\u00f5es criminosas e o sistema prisional, com o jornalista Lenildo Ferreira, o advogado Ol\u00edmpio Rocha, com o diretor penitenci\u00e1rio Anselmo Costa e com o jornalista Saulo Nunes; &#8220;Pris\u00e3o preventiva e a superlota\u00e7\u00e3o carcer\u00e1ria&#8221;, com o advogado Felipe Augusto de Melo; &#8220;Dificuldades na efetiva\u00e7\u00e3o da progress\u00e3o de regime&#8221;, com o advogado Pedro Ivo Leite; &#8220;Pr\u00e1ticas integrativas e complementares e a constru\u00e7\u00e3o das redes solid\u00e1rias de cuidado em sa\u00fade no sistema prisional feminino de Campina Grande, com a professora Maria Valqu\u00edria Nogueira; e &#8220;O castelo de bonecas como instrumento de ressocializa\u00e7\u00e3o na Penitenci\u00e1ria Feminina de Jo\u00e3o Pessoa&#8221;, com a diretora penitenci\u00e1ria Cynthia Almeida.<\/p>\n<p>Para participar, os interessados devem fazer a entrega de 1 Kg de alimento n\u00e3o perec\u00edvel ou item de higiene pessoal, que posteriormente ser\u00e3o doados a institui\u00e7\u00f5es de caridade de Campina Grande.<\/p>\n<p><em><strong>Texto:<\/strong> Severino Lopes<\/em><\/p>\n<p>O post <a rel=\"nofollow\" href=\"http:\/\/www.uepb.edu.br\/seminario-promovido-pela-uepb-debatera-questoes-relacionadas-ao-sistema-prisional-e-a-psicologia\/\">Semin\u00e1rio promovido pela UEPB debater\u00e1 quest\u00f5es relacionadas ao sistema prisional e a Psicologia<\/a> apareceu primeiro em <a rel=\"nofollow\" href=\"http:\/\/www.uepb.edu.br\/\">UEPB<\/a>.<\/p>\n","protected":false},"excerpt":{"rendered":"<p>O Departamento de Psicologia da Universidade Estadual da Para&iacute;ba (UEPB), em parceria com n&uacute;cleos de pesquisa da UNESC e da CESREI, promove nesta quinta e sexta-feira, 20 e 21 de setembro, o 1&ordm; Semin&aacute;rio Sistema Prisional e Psicologia. O evento, de car&aacute;ter acad&ecirc;mico e cient&iacute;fico, acontece no Audit&oacute;rio de Psicologia, no C&acirc;mpus de Bodocong&oacute;, em <a href=\"http:\/\/www.uepb.edu.br\/seminario-promovido-pela-uepb-debatera-questoes-relacionadas-ao-sistema-prisional-e-a-psicologia\/\">Leia Mais&#8230;<\/a><\/p>\n<p>O post <a rel=\"nofollow\" href=\"http:\/\/www.uepb.edu.br\/seminario-promovido-pela-uepb-debatera-questoes-relacionadas-ao-sistema-prisional-e-a-psicologia\/\">Semin&aacute;rio promovido pela UEPB debater&aacute; quest&otilde;es relacionadas ao sistema prisional e a Psicologia<\/a> apareceu primeiro em <a rel=\"nofollow\" href=\"http:\/\/www.uepb.edu.br\/\">UEPB<\/a>.<\/p>\n","protected":false},"author":25,"featured_media":0,"comment_status":"closed","ping_status":"closed","sticky":false,"template":"","format":"standard","meta":{"jetpack_post_was_ever_published":false,"_jetpack_newsletter_access":"","_jetpack_dont_email_post_to_subs":false,"_jetpack_newsletter_tier_id":0,"_jetpack_memberships_contains_paywalled_content":false,"_jetpack_memberships_contains_paid_content":false,"footnotes":"","jetpack_publicize_message":"","jetpack_publicize_feature_enabled":true,"jetpack_social_post_already_shared":true,"jetpack_social_options":{"image_generator_settings":{"template":"highway","default_image_id":0,"font":"","enabled":false},"version":2}},"categories":[8,5],"tags":[],"class_list":["post-50812","post","type-post","status-publish","format-standard","hentry","category-ccbs","category-noticias"],"jetpack_publicize_connections":[],"jetpack_featured_media_url":"","jetpack_sharing_enabled":true,"jetpack_shortlink":"https:\/\/wp.me\/p7WTD4-ddy","_links":{"self":[{"href":"https:\/\/centros.uepb.edu.br\/ccbs\/wp-json\/wp\/v2\/posts\/50812","targetHints":{"allow":["GET"]}}],"collection":[{"href":"https:\/\/centros.uepb.edu.br\/ccbs\/wp-json\/wp\/v2\/posts"}],"about":[{"href":"https:\/\/centros.uepb.edu.br\/ccbs\/wp-json\/wp\/v2\/types\/post"}],"author":[{"embeddable":true,"href":"https:\/\/centros.uepb.edu.br\/ccbs\/wp-json\/wp\/v2\/users\/25"}],"replies":[{"embeddable":true,"href":"https:\/\/centros.uepb.edu.br\/ccbs\/wp-json\/wp\/v2\/comments?post=50812"}],"version-history":[{"count":0,"href":"https:\/\/centros.uepb.edu.br\/ccbs\/wp-json\/wp\/v2\/posts\/50812\/revisions"}],"wp:attachment":[{"href":"https:\/\/centros.uepb.edu.br\/ccbs\/wp-json\/wp\/v2\/media?parent=50812"}],"wp:term":[{"taxonomy":"category","embeddable":true,"href":"https:\/\/centros.uepb.edu.br\/ccbs\/wp-json\/wp\/v2\/categories?post=50812"},{"taxonomy":"post_tag","embeddable":true,"href":"https:\/\/centros.uepb.edu.br\/ccbs\/wp-json\/wp\/v2\/tags?post=50812"}],"curies":[{"name":"wp","href":"https:\/\/api.w.org\/{rel}","templated":true}]}}