{"id":50810,"date":"2018-09-20T15:09:57","date_gmt":"2018-09-20T15:09:57","guid":{"rendered":"http:\/\/www.uepb.edu.br\/?p=43555"},"modified":"2018-09-20T15:09:57","modified_gmt":"2018-09-20T15:09:57","slug":"nucleo-viktor-frankl-de-logoterapia-da-uepb-realiza-minicurso-sobre-psicologia-junguiana-e-o-imaginario-das-artes","status":"publish","type":"post","link":"https:\/\/centros.uepb.edu.br\/ccbs\/nucleo-viktor-frankl-de-logoterapia-da-uepb-realiza-minicurso-sobre-psicologia-junguiana-e-o-imaginario-das-artes\/","title":{"rendered":"N\u00facleo Viktor Frankl de Logoterapia da UEPB realiza minicurso sobre psicologia junguiana e o imagin\u00e1rio das artes"},"content":{"rendered":"<p>O Centro Paraibano de Estudos do Imagin\u00e1rio (CEPESI), com o apoio do N\u00facleo Viktor Frankl de Logoterapia da Universidade Estadual da Para\u00edba (UEPB), realiza, no dia 28 de setembro, o minicurso \u201cPsicologia Junguiana e o imagin\u00e1rio das artes&#8221;. Destinado a estudantes da \u00e1rea da sa\u00fade, especialmente de Psicologia, mas tamb\u00e9m aberto para as demais \u00e1reas do conhecimento, o minicurso ser\u00e1 realizado no Audit\u00f3rio do Departamento de Psicologia, localizado no C\u00e2mpus de Bodocong\u00f3, das 8h \u00e0s 12h e das 14h \u00e0s 18h, sendo ministrado pelo psic\u00f3logo Hermano Trineto, da Universidade Federal da Bahia (UFBA) e especialista em Psicoterapia.<\/p>\n<p>As inscri\u00e7\u00f5es podem ser feitas via internet, atrav\u00e9s do endere\u00e7o eletr\u00f4nico <a href=\"http:\/\/www.nvlogo.com.br\/p\/centro-de-estudos.html\"  rel=\"noopener\"><strong>www.nvlogo.com.br\/p\/centro-de-estudos.html<\/strong><\/a>. A inscri\u00e7\u00e3o ser\u00e1 confirmada mediante envio do comprovante de pagamento na categoria selecionada (estudante ou profissional) para o e-mail <em><strong>nucleovf@gmail.com<\/strong><\/em> ou atrav\u00e9s do pagamento presencial no N\u00facleo Viktor Frankl de Logoterapia, que funciona na Cl\u00ednica Escola de Psicologia da UEPB. O N\u00facleo foi criado em 1994 e tem atuado no desenvolvimento da Logoterapia e An\u00e1lise Existencial de Viktor Emil Frankl no Nordeste do Brasil.<\/p>\n<p><em><strong>Texto:<\/strong> Severino Lopes<\/em><\/p>\n<p>O post <a rel=\"nofollow\" href=\"http:\/\/www.uepb.edu.br\/nucleo-viktor-frankl-de-logoterapia-da-uepb-realiza-minicurso-sobre-psicologia-junguiana-e-o-imaginario-das-artes\/\">N\u00facleo Viktor Frankl de Logoterapia da UEPB realiza minicurso sobre psicologia junguiana e o imagin\u00e1rio das artes<\/a> apareceu primeiro em <a rel=\"nofollow\" href=\"http:\/\/www.uepb.edu.br\/\">UEPB<\/a>.<\/p>\n","protected":false},"excerpt":{"rendered":"<p>O Centro Paraibano de Estudos do Imagin&aacute;rio (CEPESI), com o apoio do N&uacute;cleo Viktor Frankl de Logoterapia da Universidade Estadual da Para&iacute;ba (UEPB), realiza, no dia 28 de setembro, o minicurso &ldquo;Psicologia Junguiana e o imagin&aacute;rio das artes&rdquo;. Destinado a estudantes da &aacute;rea da sa&uacute;de, especialmente de Psicologia, mas tamb&eacute;m aberto para as demais &aacute;reas <a href=\"http:\/\/www.uepb.edu.br\/nucleo-viktor-frankl-de-logoterapia-da-uepb-realiza-minicurso-sobre-psicologia-junguiana-e-o-imaginario-das-artes\/\">Leia Mais&#8230;<\/a><\/p>\n<p>O post <a rel=\"nofollow\" href=\"http:\/\/www.uepb.edu.br\/nucleo-viktor-frankl-de-logoterapia-da-uepb-realiza-minicurso-sobre-psicologia-junguiana-e-o-imaginario-das-artes\/\">N&uacute;cleo Viktor Frankl de Logoterapia da UEPB realiza minicurso sobre psicologia junguiana e o imagin&aacute;rio das artes<\/a> apareceu primeiro em <a rel=\"nofollow\" href=\"http:\/\/www.uepb.edu.br\/\">UEPB<\/a>.<\/p>\n","protected":false},"author":25,"featured_media":0,"comment_status":"closed","ping_status":"closed","sticky":false,"template":"","format":"standard","meta":{"jetpack_post_was_ever_published":false,"_jetpack_newsletter_access":"","_jetpack_dont_email_post_to_subs":false,"_jetpack_newsletter_tier_id":0,"_jetpack_memberships_contains_paywalled_content":false,"_jetpack_memberships_contains_paid_content":false,"footnotes":"","jetpack_publicize_message":"","jetpack_publicize_feature_enabled":true,"jetpack_social_post_already_shared":true,"jetpack_social_options":{"image_generator_settings":{"template":"highway","default_image_id":0,"font":"","enabled":false},"version":2}},"categories":[8,5],"tags":[],"class_list":["post-50810","post","type-post","status-publish","format-standard","hentry","category-ccbs","category-noticias"],"jetpack_publicize_connections":[],"jetpack_featured_media_url":"","jetpack_sharing_enabled":true,"jetpack_shortlink":"https:\/\/wp.me\/p7WTD4-ddw","_links":{"self":[{"href":"https:\/\/centros.uepb.edu.br\/ccbs\/wp-json\/wp\/v2\/posts\/50810","targetHints":{"allow":["GET"]}}],"collection":[{"href":"https:\/\/centros.uepb.edu.br\/ccbs\/wp-json\/wp\/v2\/posts"}],"about":[{"href":"https:\/\/centros.uepb.edu.br\/ccbs\/wp-json\/wp\/v2\/types\/post"}],"author":[{"embeddable":true,"href":"https:\/\/centros.uepb.edu.br\/ccbs\/wp-json\/wp\/v2\/users\/25"}],"replies":[{"embeddable":true,"href":"https:\/\/centros.uepb.edu.br\/ccbs\/wp-json\/wp\/v2\/comments?post=50810"}],"version-history":[{"count":0,"href":"https:\/\/centros.uepb.edu.br\/ccbs\/wp-json\/wp\/v2\/posts\/50810\/revisions"}],"wp:attachment":[{"href":"https:\/\/centros.uepb.edu.br\/ccbs\/wp-json\/wp\/v2\/media?parent=50810"}],"wp:term":[{"taxonomy":"category","embeddable":true,"href":"https:\/\/centros.uepb.edu.br\/ccbs\/wp-json\/wp\/v2\/categories?post=50810"},{"taxonomy":"post_tag","embeddable":true,"href":"https:\/\/centros.uepb.edu.br\/ccbs\/wp-json\/wp\/v2\/tags?post=50810"}],"curies":[{"name":"wp","href":"https:\/\/api.w.org\/{rel}","templated":true}]}}