{"id":50808,"date":"2018-09-25T13:03:27","date_gmt":"2018-09-25T13:03:27","guid":{"rendered":"http:\/\/www.uepb.edu.br\/?p=43631"},"modified":"2018-09-25T13:03:27","modified_gmt":"2018-09-25T13:03:27","slug":"departamento-e-centro-academico-de-enfermagem-da-uepb-promovem-palestra-sobre-saude-mental-e-suicidio","status":"publish","type":"post","link":"https:\/\/centros.uepb.edu.br\/ccbs\/departamento-e-centro-academico-de-enfermagem-da-uepb-promovem-palestra-sobre-saude-mental-e-suicidio\/","title":{"rendered":"Departamento e Centro Acad\u00eamico de Enfermagem da UEPB promovem palestra sobre sa\u00fade mental e suic\u00eddio"},"content":{"rendered":"<p><a href=\"http:\/\/www.uepb.edu.br\/departamento-e-centro-academico-de-enfermagem-da-uepb-promovem-palestra-sobre-saude-mental-e-suicidio\/#gallery-43631-3-slideshow\">Clique para exibir o slide.<\/a><\/p>\n<p>O Departamento de Enfermagem e o Centro Acad\u00eamico \u201cA\u00e7\u00e3o e Compromisso\u201d da Universidade Estadual da Para\u00edba (UEPB) realizaram, na tarde desta segunda-feira (24), um debate intitulado \u201cSetembro Amarelo: um di\u00e1logo sobre sa\u00fade mental e suic\u00eddio\u201d, alusivo ao m\u00eas mundial de preven\u00e7\u00e3o ao suic\u00eddio. Graduandos de diversos cursos da \u00e1rea de sa\u00fade participaram do evento, que aconteceu no Audit\u00f3rio III da Central de Integra\u00e7\u00e3o Acad\u00eamica (CIA), no C\u00e2mpus de Bodocong\u00f3, em Campina Grande.<\/p>\n<p>Participaram como debatedores a professora, enfermeira e psic\u00f3loga Maria M\u00e9rcia de Paiva Gaud\u00eancio, e o professor de Enfermagem especialista em Sa\u00fade Mental, Jos\u00e9 Evandro Soares. Tamb\u00e9m estiveram presentes as alunas Mar\u00edlia Gabriela de Oliveira, representante dos discentes, e Ana Paula Alves, representante do Centro Acad\u00eamico de Enfermagem, al\u00e9m da professora Ardigleusa Coelho, coordenadora adjunta do curso.<\/p>\n<p>Criado em 2015 pelo Centro de Valoriza\u00e7\u00e3o \u00e0 Vida (CVV), o Setembro Amarelo figura como uma das mais relevantes campanhas brasileiras de preven\u00e7\u00e3o ao suic\u00eddio. Segundo M\u00e9rcia Gaud\u00eancio, a a\u00e7\u00e3o vem crescendo a cada ano, especialmente em virtude do maior n\u00famero de casos de suic\u00eddio. \u201cA medida que a m\u00eddia trabalha o tema, cresce tamb\u00e9m o conhecimento, a reflex\u00e3o, as discuss\u00f5es e a busca de solu\u00e7\u00f5es pela popula\u00e7\u00e3o. Trabalha-se na campanha a preven\u00e7\u00e3o a partir do di\u00e1logo, um tema que ainda \u00e9 dif\u00edcil para muitas pessoas, mas conforme conseguimos falar a respeito, lidamos melhor com os instrumentos preventivos\u201d, explicou.<\/p>\n<p>A professora aponta que um dos problemas \u00e9 que n\u00e3o h\u00e1 no pa\u00eds uma pol\u00edtica nacional de preven\u00e7\u00e3o ao suic\u00eddio, sendo este apenas uma pauta no campo da Sa\u00fade Mental e, mesmo com campanhas efetivas de alertas, ainda existe grande dificuldade em atender \u00e0s demandas que surgem a partir delas, pois o Estado n\u00e3o \u00e9 bem equipado com estrutura e profissionais suficientes para atender com qualidade os pacientes com problemas psicol\u00f3gicos.<\/p>\n<p>Constam como grupos expostos aos fatores de risco os usu\u00e1rios de drogas, pessoas em estado de vulnerabilidade social ou que sofrem quest\u00f5es individuais como tentativas anteriores de suic\u00eddio, momentos de crise econ\u00f4mica ou instabilidades sociais, perda de parentes, falta de no\u00e7\u00f5es claras de limites, entre outras. Identificadas as caracter\u00edsticas de risco, \u00e9 importante a atua\u00e7\u00e3o da fam\u00edlia e dos amigos que se preocupam com o bem-estar e com a vida destes poss\u00edveis pacientes, para que o suic\u00eddio seja prevenido. \u201cDa\u00ed a necessidade do di\u00e1logo, da quebra do sil\u00eancio com a pessoa que apresenta sinais de depress\u00e3o. Cada um precisa ser ve\u00edculo para a ideia de que \u00e9 necess\u00e1rio buscar apoio profissional para a cura\u201d, destacou M\u00e9rcia Gaud\u00eancio.<\/p>\n<p>O professor Evandro Soares lembrou que o desencadeamento de processos depressivos, sofrimentos ps\u00edquicos e melancolias decorre de traumas ou perdas ocorridas ainda na inf\u00e2ncia, sendo necess\u00e1rio desde muito cedo um suporte familiar, social ou profissional para que todos passem da melhor maneira por esses processos. \u201cPercebemos um distanciamento dos pais do papel da maternidade ou paternidade, do brincar. Hoje os pais n\u00e3o brincam mais com as crian\u00e7as e substituem a aten\u00e7\u00e3o humana por meios eletr\u00f4nicos, a presen\u00e7a por uma foto e o carinho por curtidas nas redes sociais\u201d, afirmou. Para ele, as crian\u00e7as sentem falta das rela\u00e7\u00f5es maternas e paternas, sendo necess\u00e1rio incluir mais brincadeiras no dia a dia e maior aten\u00e7\u00e3o durante a inf\u00e2ncia, para que elas passem por todas as fases de maneira tranquila e sem oferecerem riscos a sua pr\u00f3pria exist\u00eancia.<\/p>\n<p><em><strong>Texto e fotos:<\/strong> Giuliana Rodrigues<\/em><\/p>\n<p>O post <a rel=\"nofollow\" href=\"http:\/\/www.uepb.edu.br\/departamento-e-centro-academico-de-enfermagem-da-uepb-promovem-palestra-sobre-saude-mental-e-suicidio\/\">Departamento e Centro Acad\u00eamico de Enfermagem da UEPB promovem palestra sobre sa\u00fade mental e suic\u00eddio<\/a> apareceu primeiro em <a rel=\"nofollow\" href=\"http:\/\/www.uepb.edu.br\/\">UEPB<\/a>.<\/p>\n","protected":false},"excerpt":{"rendered":"<p>O Departamento de Enfermagem e o Centro Acad&ecirc;mico &ldquo;A&ccedil;&atilde;o e Compromisso&rdquo; da Universidade Estadual da Para&iacute;ba (UEPB) realizaram, na tarde desta segunda-feira (24), um debate intitulado &ldquo;Setembro Amarelo: um di&aacute;logo sobre sa&uacute;de mental e suic&iacute;dio&rdquo;, alusivo ao m&ecirc;s mundial de preven&ccedil;&atilde;o ao suic&iacute;dio. Graduandos de diversos cursos da &aacute;rea de sa&uacute;de participaram do evento, que <a href=\"http:\/\/www.uepb.edu.br\/departamento-e-centro-academico-de-enfermagem-da-uepb-promovem-palestra-sobre-saude-mental-e-suicidio\/\">Leia Mais&#8230;<\/a><\/p>\n<p>O post <a rel=\"nofollow\" href=\"http:\/\/www.uepb.edu.br\/departamento-e-centro-academico-de-enfermagem-da-uepb-promovem-palestra-sobre-saude-mental-e-suicidio\/\">Departamento e Centro Acad&ecirc;mico de Enfermagem da UEPB promovem palestra sobre sa&uacute;de mental e suic&iacute;dio<\/a> apareceu primeiro em <a rel=\"nofollow\" href=\"http:\/\/www.uepb.edu.br\/\">UEPB<\/a>.<\/p>\n","protected":false},"author":25,"featured_media":0,"comment_status":"closed","ping_status":"closed","sticky":false,"template":"","format":"standard","meta":{"jetpack_post_was_ever_published":false,"_jetpack_newsletter_access":"","_jetpack_dont_email_post_to_subs":false,"_jetpack_newsletter_tier_id":0,"_jetpack_memberships_contains_paywalled_content":false,"_jetpack_memberships_contains_paid_content":false,"footnotes":"","jetpack_publicize_message":"","jetpack_publicize_feature_enabled":true,"jetpack_social_post_already_shared":true,"jetpack_social_options":{"image_generator_settings":{"template":"highway","default_image_id":0,"font":"","enabled":false},"version":2}},"categories":[8,5],"tags":[],"class_list":["post-50808","post","type-post","status-publish","format-standard","hentry","category-ccbs","category-noticias"],"jetpack_publicize_connections":[],"jetpack_featured_media_url":"","jetpack_sharing_enabled":true,"jetpack_shortlink":"https:\/\/wp.me\/p7WTD4-ddu","_links":{"self":[{"href":"https:\/\/centros.uepb.edu.br\/ccbs\/wp-json\/wp\/v2\/posts\/50808","targetHints":{"allow":["GET"]}}],"collection":[{"href":"https:\/\/centros.uepb.edu.br\/ccbs\/wp-json\/wp\/v2\/posts"}],"about":[{"href":"https:\/\/centros.uepb.edu.br\/ccbs\/wp-json\/wp\/v2\/types\/post"}],"author":[{"embeddable":true,"href":"https:\/\/centros.uepb.edu.br\/ccbs\/wp-json\/wp\/v2\/users\/25"}],"replies":[{"embeddable":true,"href":"https:\/\/centros.uepb.edu.br\/ccbs\/wp-json\/wp\/v2\/comments?post=50808"}],"version-history":[{"count":0,"href":"https:\/\/centros.uepb.edu.br\/ccbs\/wp-json\/wp\/v2\/posts\/50808\/revisions"}],"wp:attachment":[{"href":"https:\/\/centros.uepb.edu.br\/ccbs\/wp-json\/wp\/v2\/media?parent=50808"}],"wp:term":[{"taxonomy":"category","embeddable":true,"href":"https:\/\/centros.uepb.edu.br\/ccbs\/wp-json\/wp\/v2\/categories?post=50808"},{"taxonomy":"post_tag","embeddable":true,"href":"https:\/\/centros.uepb.edu.br\/ccbs\/wp-json\/wp\/v2\/tags?post=50808"}],"curies":[{"name":"wp","href":"https:\/\/api.w.org\/{rel}","templated":true}]}}