{"id":50806,"date":"2018-09-25T15:09:46","date_gmt":"2018-09-25T15:09:46","guid":{"rendered":"http:\/\/www.uepb.edu.br\/?p=43653"},"modified":"2018-09-25T15:09:46","modified_gmt":"2018-09-25T15:09:46","slug":"pesquisadora-destaca-novos-paradigmas-no-cuidado-dos-farmaceuticos-com-pacientes","status":"publish","type":"post","link":"https:\/\/centros.uepb.edu.br\/ccbs\/pesquisadora-destaca-novos-paradigmas-no-cuidado-dos-farmaceuticos-com-pacientes\/","title":{"rendered":"Pesquisadora destaca novos paradigmas no cuidado dos farmac\u00eauticos com pacientes"},"content":{"rendered":"<p><a href=\"http:\/\/www.uepb.edu.br\/pesquisadora-destaca-novos-paradigmas-no-cuidado-dos-farmaceuticos-com-pacientes-do-servico-de-saude\/#gallery-43653-4-slideshow\">Clique para exibir o slide.<\/a><\/p>\n<p>Os novos paradigmas do cuidado dos farmac\u00eauticos com pacientes assistidos pelo servi\u00e7o de Sa\u00fade est\u00e3o sendo discutidos na 10\u00aa edi\u00e7\u00e3o da Jornada Farmac\u00eautica da Universidade Estadual da Para\u00edba (UEPB). O evento, promovido pelo Departamento de Farm\u00e1cia da Institui\u00e7\u00e3o, em parceria com os conselhos Federal e Regional de Farm\u00e1cia, faz parte das comemora\u00e7\u00f5es do Dia Internacional do Farmac\u00eautico, transcorrido neste dia 25 de setembro.<\/p>\n<p>Com uma programa\u00e7\u00e3o que contempla palestras, mesas redondas e minicursos, a Jornada foi aberta na manh\u00e3 desta ter\u00e7a-feira (26), no Audit\u00f3rio do Departamento de Psicologia, no C\u00e2mpus de Bodocong\u00f3. Cerca de 120 estudantes de Farm\u00e1cia est\u00e3o participando da Jornada, que tem como tema central \u201cO cuidado farmac\u00eautico no Sistema de Sa\u00fade\u201d.<\/p>\n<p>A abertura oficial contou com a participa\u00e7\u00e3o da chefe do Departamento de Farm\u00e1cia, professora N\u00edcia Stelita da Cruz Soares; da coordenadora do curso, professora Rosemary Sousa Cunha Lima; e da diretora do Centro de Ci\u00eancias Biol\u00f3gicas e da Sa\u00fade (CCBS), professora Alessandra Teixeira; al\u00e9m da presidente do Conselho Regional de Farm\u00e1cia, Cila Estrela Gadelha.<\/p>\n<p>O tema inaugural, \u201cO cuidado farmac\u00eautico nos servi\u00e7os de Sa\u00fade\u201d, foi ministrado pela professora e farmac\u00eautica Rosana Maria Souto Maior. Em sua exposi\u00e7\u00e3o, a professora chamou a aten\u00e7\u00e3o dos futuros profissionais da \u00e1rea para os cuidados que devem ter quando fornecerem medicamento aos pacientes. O uso inadequado de medicamentos eleva os riscos de falhas no tratamento e os custos das a\u00e7\u00f5es em sa\u00fade.<\/p>\n<p>Rosana observou que, hoje em dia, a grande preocupa\u00e7\u00e3o do setor de sa\u00fade \u00e9 a constru\u00e7\u00e3o da multiprofissionalidade. Ela enfatizou que, ao entrar na equipe multiprofissional, o farmac\u00eautico tem a obriga\u00e7\u00e3o de fazer o acompanhamento farmacoterap\u00eautico do paciente, al\u00e9m de tratar de todos os cuidados relacionados aos medicamentos, principalmente sobre o uso racional deles, com crit\u00e9rio e responsabilidade.<\/p>\n<p>Ela destacou ainda a necessidade do farmac\u00eautico fornecer a medica\u00e7\u00e3o certa, com quantidade certa e na hora exata, considerando todos os elementos sociais que envolvem o paciente. Esse procedimento atesta a efic\u00e1cia no tratamento, evita falhas e at\u00e9 previne futuras doen\u00e7as. \u201cCada paciente tem uma especificidade que precisa ser observada pelo profissional na hora de fazer a sua atua\u00e7\u00e3o\u201d, frisou.<\/p>\n<p>A transforma\u00e7\u00e3o da profiss\u00e3o e a import\u00e2ncia do cuidado farmac\u00eautico, bem como as conquistas e avan\u00e7os, foram tratados pela presidente do Conselho Regional de Farm\u00e1cia, Cila Estrela Gadelha. Segundo ela, a profiss\u00e3o vive um processo de profunda transforma\u00e7\u00e3o, em que resgata a rela\u00e7\u00e3o entre farmac\u00eautico e paciente.<\/p>\n<p>Coordenadora geral do evento, a professora Rosemary Sousa ressaltou que a 10\u00aa Jornada Farmac\u00eautica tem a preocupa\u00e7\u00e3o de garantir a forma\u00e7\u00e3o dos profissionais da Institui\u00e7\u00e3o em conson\u00e2ncia com o que \u00e9 exigido em n\u00edvel mundial. \u201cToda discuss\u00e3o \u00e9 voltada para o cuidado farmac\u00eautico no sistema de sa\u00fade, que \u00e9 a vertente mais forte da profiss\u00e3o para os pr\u00f3ximos anos\u201d, salientou.<\/p>\n<p>No primeiro dia do evento, foi reservada para a parte da tarde, a mesa redonda \u201cCuidados integrativos em Sa\u00fade\u201d, ministrada pelo Dr. Alysson Lucena Lira, al\u00e9m da palestra \u201cAlimentos como Fontes de Medicamentos\u201d, com o Dr. Ant\u00f4nio S\u00edlvio do Egito. A 10\u00aa Jornada Farmac\u00eautica, que tem como objetivo oferecer subs\u00eddios de atualiza\u00e7\u00e3o nas diversas \u00e1reas do campo de trabalho do profissional farmac\u00eautico, continua nesta quarta-feira (26) com mais palestras e mesa redondas.<\/p>\n<p>Na quinta-feira (27), \u00faltimo dia das atividades, acontecem os minicursos \u201cResist\u00eancia Microbiana no Contexto da Biotecnologia\u201d, \u201cProdutos e Procedimentos Est\u00e9ticos\u201d, \u201cPrepara\u00e7\u00e3o de P\u00f3s-Medicamentos: Um Estudo Farmacot\u00e9cnico\u201d, \u201cO Processo Semiol\u00f3gico Farmac\u00eauticos\u201d e \u201cO Hemograma na Avalia\u00e7\u00e3o das Doen\u00e7as Hematol\u00f3gicas \u2013 Discuss\u00e3o de Casos Cl\u00ednicos. Todos os participantes ter\u00e3o direitos a certificados.<\/p>\n<p><em><strong>Texto:<\/strong> Severino Lopes<\/em><br \/>\n<em><strong>Fotos:<\/strong> M\u00e1rcia Dias<\/em><\/p>\n<p>O post <a rel=\"nofollow\" href=\"http:\/\/www.uepb.edu.br\/pesquisadora-destaca-novos-paradigmas-no-cuidado-dos-farmaceuticos-com-pacientes-do-servico-de-saude\/\">Pesquisadora destaca novos paradigmas no cuidado dos farmac\u00eauticos com pacientes<\/a> apareceu primeiro em <a rel=\"nofollow\" href=\"http:\/\/www.uepb.edu.br\/\">UEPB<\/a>.<\/p>\n","protected":false},"excerpt":{"rendered":"<p>Os novos paradigmas do cuidado dos farmac&ecirc;uticos com pacientes assistidos pelo servi&ccedil;o de Sa&uacute;de est&atilde;o sendo discutidos na 10&ordf; edi&ccedil;&atilde;o da Jornada Farmac&ecirc;utica da Universidade Estadual da Para&iacute;ba (UEPB). O evento, promovido pelo Departamento de Farm&aacute;cia da Institui&ccedil;&atilde;o, em parceria com os conselhos Federal e Regional de Farm&aacute;cia, faz parte das comemora&ccedil;&otilde;es do Dia Internacional <a href=\"http:\/\/www.uepb.edu.br\/pesquisadora-destaca-novos-paradigmas-no-cuidado-dos-farmaceuticos-com-pacientes-do-servico-de-saude\/\">Leia Mais&#8230;<\/a><\/p>\n<p>O post <a rel=\"nofollow\" href=\"http:\/\/www.uepb.edu.br\/pesquisadora-destaca-novos-paradigmas-no-cuidado-dos-farmaceuticos-com-pacientes-do-servico-de-saude\/\">Pesquisadora destaca novos paradigmas no cuidado dos farmac&ecirc;uticos com pacientes<\/a> apareceu primeiro em <a rel=\"nofollow\" href=\"http:\/\/www.uepb.edu.br\/\">UEPB<\/a>.<\/p>\n","protected":false},"author":25,"featured_media":0,"comment_status":"closed","ping_status":"closed","sticky":false,"template":"","format":"standard","meta":{"jetpack_post_was_ever_published":false,"_jetpack_newsletter_access":"","_jetpack_dont_email_post_to_subs":false,"_jetpack_newsletter_tier_id":0,"_jetpack_memberships_contains_paywalled_content":false,"_jetpack_memberships_contains_paid_content":false,"footnotes":"","jetpack_publicize_message":"","jetpack_publicize_feature_enabled":true,"jetpack_social_post_already_shared":true,"jetpack_social_options":{"image_generator_settings":{"template":"highway","default_image_id":0,"font":"","enabled":false},"version":2}},"categories":[8,5],"tags":[],"class_list":["post-50806","post","type-post","status-publish","format-standard","hentry","category-ccbs","category-noticias"],"jetpack_publicize_connections":[],"jetpack_featured_media_url":"","jetpack_sharing_enabled":true,"jetpack_shortlink":"https:\/\/wp.me\/p7WTD4-dds","_links":{"self":[{"href":"https:\/\/centros.uepb.edu.br\/ccbs\/wp-json\/wp\/v2\/posts\/50806","targetHints":{"allow":["GET"]}}],"collection":[{"href":"https:\/\/centros.uepb.edu.br\/ccbs\/wp-json\/wp\/v2\/posts"}],"about":[{"href":"https:\/\/centros.uepb.edu.br\/ccbs\/wp-json\/wp\/v2\/types\/post"}],"author":[{"embeddable":true,"href":"https:\/\/centros.uepb.edu.br\/ccbs\/wp-json\/wp\/v2\/users\/25"}],"replies":[{"embeddable":true,"href":"https:\/\/centros.uepb.edu.br\/ccbs\/wp-json\/wp\/v2\/comments?post=50806"}],"version-history":[{"count":0,"href":"https:\/\/centros.uepb.edu.br\/ccbs\/wp-json\/wp\/v2\/posts\/50806\/revisions"}],"wp:attachment":[{"href":"https:\/\/centros.uepb.edu.br\/ccbs\/wp-json\/wp\/v2\/media?parent=50806"}],"wp:term":[{"taxonomy":"category","embeddable":true,"href":"https:\/\/centros.uepb.edu.br\/ccbs\/wp-json\/wp\/v2\/categories?post=50806"},{"taxonomy":"post_tag","embeddable":true,"href":"https:\/\/centros.uepb.edu.br\/ccbs\/wp-json\/wp\/v2\/tags?post=50806"}],"curies":[{"name":"wp","href":"https:\/\/api.w.org\/{rel}","templated":true}]}}