{"id":50801,"date":"2018-09-27T16:02:19","date_gmt":"2018-09-27T16:02:19","guid":{"rendered":"http:\/\/www.uepb.edu.br\/?p=43762"},"modified":"2018-09-27T16:02:19","modified_gmt":"2018-09-27T16:02:19","slug":"estudantes-de-educacao-fisica-da-universidade-estadual-participam-de-treinamento-para-primeiros-socorros","status":"publish","type":"post","link":"https:\/\/centros.uepb.edu.br\/ccbs\/estudantes-de-educacao-fisica-da-universidade-estadual-participam-de-treinamento-para-primeiros-socorros\/","title":{"rendered":"Estudantes de Educa\u00e7\u00e3o F\u00edsica da Universidade Estadual participam de treinamento para primeiros socorros"},"content":{"rendered":"<p><a href=\"http:\/\/www.uepb.edu.br\/estudantes-de-educacao-fisica-da-universidade-estadual-participam-de-treinamento-para-primeiros-socorros\/#gallery-43762-2-slideshow\">Clique para exibir o slide.<\/a><\/p>\n<p>O Departamento de Educa\u00e7\u00e3o F\u00edsica (DEF) da Universidade Estadual da Para\u00edba (UEPB) promove, at\u00e9 sexta-feira (28), o Curso de Atendimento Pr\u00e9-Hospitalar, voltado aos alunos que integram o projeto de extens\u00e3o &#8220;Muscula\u00e7\u00e3o na Academia&#8221;. A atividade est\u00e1 sendo ministrado pelo sargento do Corpo de Bombeiros e ex-aluno do DEF, Paulo Wescley. No total, 30 estudantes est\u00e3o participando da iniciativa, que come\u00e7ou na \u00faltima quarta-feira (26).<\/p>\n<p>Durante os tr\u00eas dias de cursos, est\u00e3o sendo repassadas t\u00e9cnicas indispens\u00e1veis para casos de acidentes ocorridos no \u00e2mbito da academia, como abordagem inicial, incluindo verifica\u00e7\u00e3o das vias a\u00e9reas e respira\u00e7\u00e3o; imobiliza\u00e7\u00e3o de extremidades e contens\u00e3o de hemorragias. O instrutor explicou que o treinamento consiste em capacitar o pessoal da UEPB para prestar os primeiros atendimentos hospitalares dentro da academia, no caso de acidentes.<\/p>\n<p>Paulo Wescley destacou que, ao t\u00e9rmino do curso, os participantes estar\u00e3o capacitados para atender os diversos casos cl\u00ednicos que, por ventura, venham a acontecer no ambiente da academia, como desmaios, convuls\u00f5es, hipoglicemia e casos de trauma a exemplo de fraturas, entorses e luxa\u00e7\u00f5es. O professor destacou que 80% do curso \u00e9 destinado a parte pr\u00e1tica, o que torna os participantes aptos a atuar em caso de primeiros socorros.<\/p>\n<p>Professor do Departamento de Educa\u00e7\u00e3o F\u00edsica e coordenador da Academia Escola da UEPB, Josenaldo Lopes Dias refor\u00e7ou que o treinamento visa qualificar os alunos que utilizam a academia para uma a\u00e7\u00e3o de pr\u00e9-atendimento hospitalar, al\u00e9m de dotar a academia de equipamentos que favore\u00e7am os primeiros socorros. Ele observou que a academia \u00e9 um espa\u00e7o suscet\u00edvel a acidentes e a academia precisa dessa estrutura m\u00ednima para garantir uma boa assist\u00eancia nos casos de ocorr\u00eancias.<\/p>\n<p>Eltie Soares Feitosa \u00e9 graduando do Bacharelado em Educa\u00e7\u00e3o F\u00edsica e, como aluno que frequenta a academia, considerou oportuno e importante o treinamento, que fornece t\u00e9cnicas precisas de como agir em casos de acidentes. Ao t\u00e9rmino do curso, os participantes ter\u00e3o direito a certificado fornecido pela Pr\u00f3-Reitoria de Extens\u00e3o (PROEXT).<\/p>\n<p><em><strong>Texto:<\/strong> Severino Lopes<\/em><br \/>\n<em><strong>Fotos:<\/strong> Tatiana Brand\u00e3o<\/em><\/p>\n<p>O post <a rel=\"nofollow\" href=\"http:\/\/www.uepb.edu.br\/estudantes-de-educacao-fisica-da-universidade-estadual-participam-de-treinamento-para-primeiros-socorros\/\">Estudantes de Educa\u00e7\u00e3o F\u00edsica da Universidade Estadual participam de treinamento para primeiros socorros<\/a> apareceu primeiro em <a rel=\"nofollow\" href=\"http:\/\/www.uepb.edu.br\/\">UEPB<\/a>.<\/p>\n","protected":false},"excerpt":{"rendered":"<p>O Departamento de Educa&ccedil;&atilde;o F&iacute;sica (DEF) da Universidade Estadual da Para&iacute;ba (UEPB) promove, at&eacute; sexta-feira (28), o Curso de Atendimento Pr&eacute;-Hospitalar, voltado aos alunos que integram o projeto de extens&atilde;o &ldquo;Muscula&ccedil;&atilde;o na Academia&rdquo;. A atividade est&aacute; sendo ministrado pelo sargento do Corpo de Bombeiros e ex-aluno do DEF, Paulo Wescley. No total, 30 estudantes est&atilde;o <a href=\"http:\/\/www.uepb.edu.br\/estudantes-de-educacao-fisica-da-universidade-estadual-participam-de-treinamento-para-primeiros-socorros\/\">Leia Mais&#8230;<\/a><\/p>\n<p>O post <a rel=\"nofollow\" href=\"http:\/\/www.uepb.edu.br\/estudantes-de-educacao-fisica-da-universidade-estadual-participam-de-treinamento-para-primeiros-socorros\/\">Estudantes de Educa&ccedil;&atilde;o F&iacute;sica da Universidade Estadual participam de treinamento para primeiros socorros<\/a> apareceu primeiro em <a rel=\"nofollow\" href=\"http:\/\/www.uepb.edu.br\/\">UEPB<\/a>.<\/p>\n","protected":false},"author":25,"featured_media":0,"comment_status":"closed","ping_status":"closed","sticky":false,"template":"","format":"standard","meta":{"jetpack_post_was_ever_published":false,"_jetpack_newsletter_access":"","_jetpack_dont_email_post_to_subs":false,"_jetpack_newsletter_tier_id":0,"_jetpack_memberships_contains_paywalled_content":false,"_jetpack_memberships_contains_paid_content":false,"footnotes":"","jetpack_publicize_message":"","jetpack_publicize_feature_enabled":true,"jetpack_social_post_already_shared":true,"jetpack_social_options":{"image_generator_settings":{"template":"highway","default_image_id":0,"font":"","enabled":false},"version":2}},"categories":[8,5],"tags":[],"class_list":["post-50801","post","type-post","status-publish","format-standard","hentry","category-ccbs","category-noticias"],"jetpack_publicize_connections":[],"jetpack_featured_media_url":"","jetpack_sharing_enabled":true,"jetpack_shortlink":"https:\/\/wp.me\/p7WTD4-ddn","_links":{"self":[{"href":"https:\/\/centros.uepb.edu.br\/ccbs\/wp-json\/wp\/v2\/posts\/50801","targetHints":{"allow":["GET"]}}],"collection":[{"href":"https:\/\/centros.uepb.edu.br\/ccbs\/wp-json\/wp\/v2\/posts"}],"about":[{"href":"https:\/\/centros.uepb.edu.br\/ccbs\/wp-json\/wp\/v2\/types\/post"}],"author":[{"embeddable":true,"href":"https:\/\/centros.uepb.edu.br\/ccbs\/wp-json\/wp\/v2\/users\/25"}],"replies":[{"embeddable":true,"href":"https:\/\/centros.uepb.edu.br\/ccbs\/wp-json\/wp\/v2\/comments?post=50801"}],"version-history":[{"count":0,"href":"https:\/\/centros.uepb.edu.br\/ccbs\/wp-json\/wp\/v2\/posts\/50801\/revisions"}],"wp:attachment":[{"href":"https:\/\/centros.uepb.edu.br\/ccbs\/wp-json\/wp\/v2\/media?parent=50801"}],"wp:term":[{"taxonomy":"category","embeddable":true,"href":"https:\/\/centros.uepb.edu.br\/ccbs\/wp-json\/wp\/v2\/categories?post=50801"},{"taxonomy":"post_tag","embeddable":true,"href":"https:\/\/centros.uepb.edu.br\/ccbs\/wp-json\/wp\/v2\/tags?post=50801"}],"curies":[{"name":"wp","href":"https:\/\/api.w.org\/{rel}","templated":true}]}}