{"id":40687,"date":"2017-12-18T18:35:56","date_gmt":"2017-12-18T18:35:56","guid":{"rendered":"http:\/\/www.uepb.edu.br\/?p=37929"},"modified":"2017-12-18T18:35:56","modified_gmt":"2017-12-18T18:35:56","slug":"equipe-do-departamento-de-psicologia-da-uepb-realiza-visita-tecnica-ao-conselho-regional-de-psicologia","status":"publish","type":"post","link":"https:\/\/centros.uepb.edu.br\/ccbs\/equipe-do-departamento-de-psicologia-da-uepb-realiza-visita-tecnica-ao-conselho-regional-de-psicologia\/","title":{"rendered":"Equipe do Departamento de Psicologia da UEPB realiza visita t\u00e9cnica ao Conselho Regional de Psicologia"},"content":{"rendered":"<p><a href=\"http:\/\/www.uepb.edu.br\/equipe-do-departamento-de-psicologia-da-uepb-realiza-visita-tecnica-ao-conselho-regional-de-psicologia\/#gallery-37929-4-slideshow\">Clique para exibir o slide.<\/a><\/p>\n<p>Como parte das atividades da forma\u00e7\u00e3o dos seus atuais graduandos e futuros profissionais, o Departamento de Psicologia da Universidade Estadual da Para\u00edba (UEPB), instalado no C\u00e2mpus de Campina Grande, promoveu na \u00faltima sexta feira (15) uma visita t\u00e9cnica ao Conselho Regional de Psicologia da13\u00aa Regi\u00e3o (CRP-13), localizado em Jo\u00e3o Pessoa, da qual participaram alunos do 8\u00ba e 9\u00ba per\u00edodos do Curso de Psicologia da Institui\u00e7\u00e3o.<\/p>\n<p>A visita teve como objetivo discutir quest\u00f5es \u00e9ticas na atua\u00e7\u00e3o profissional, procedimentos para elabora\u00e7\u00e3o, arquivamento e destrui\u00e7\u00e3o de documentos derivados de registros de interven\u00e7\u00f5es e de avalia\u00e7\u00f5es psicol\u00f3gicas. A a\u00e7\u00e3o foi coordenada pelas psic\u00f3logas Maria do Socorro Brito Mendes (t\u00e9cnica orientadora fiscal) e Iva Izabel Cavalvanti da Silva Barros (conselheira secret\u00e1ria), al\u00e9m da coordenadora da Cl\u00ednica Escola de Psicologia da UEPB, professora Carla Brand\u00e3o, e do professor Luan Glauber Rocha Medeiros.<\/p>\n<p>Constaram da programa\u00e7\u00e3o as apresenta\u00e7\u00f5es das comiss\u00f5es permanentes do Conselho, as fun\u00e7\u00f5es de cada comiss\u00e3o e atividades que costumam ser realizadas. Os estudantes tamb\u00e9m tomaram conhecimento das atribui\u00e7\u00f5es do CRP-13 e do Sindicato de Psic\u00f3logos, dos limites e possibilidades da atua\u00e7\u00e3o multiprofissional e ainda como s\u00e3o realizados os registros e arquivos de documentos da \u00e1rea de Psicologia, como ocorre a guarda e a quebra de sigilo, dentre outros. A atividade foi encerrada com sorteio de publica\u00e7\u00f5es dos conselhos Regional e Federal de Psicologia e um coffe-break entre os participantes.<\/p>\n<p>O post <a rel=\"nofollow\" href=\"http:\/\/www.uepb.edu.br\/equipe-do-departamento-de-psicologia-da-uepb-realiza-visita-tecnica-ao-conselho-regional-de-psicologia\/\">Equipe do Departamento de Psicologia da UEPB realiza visita t\u00e9cnica ao Conselho Regional de Psicologia<\/a> apareceu primeiro em <a rel=\"nofollow\" href=\"http:\/\/www.uepb.edu.br\/\">UEPB<\/a>.<\/p>\n","protected":false},"excerpt":{"rendered":"<p>Como parte das atividades da forma&ccedil;&atilde;o dos seus atuais graduandos e futuros profissionais, o Departamento de Psicologia da Universidade Estadual da Para&iacute;ba (UEPB), instalado no C&acirc;mpus de Campina Grande, promoveu na &uacute;ltima sexta feira (15) uma visita t&eacute;cnica ao Conselho Regional de Psicologia da13&ordf; Regi&atilde;o (CRP-13), localizado em Jo&atilde;o Pessoa, da qual participaram alunos do <a href=\"http:\/\/www.uepb.edu.br\/equipe-do-departamento-de-psicologia-da-uepb-realiza-visita-tecnica-ao-conselho-regional-de-psicologia\/\">Leia Mais&#8230;<\/a><\/p>\n<p>O post <a rel=\"nofollow\" href=\"http:\/\/www.uepb.edu.br\/equipe-do-departamento-de-psicologia-da-uepb-realiza-visita-tecnica-ao-conselho-regional-de-psicologia\/\">Equipe do Departamento de Psicologia da UEPB realiza visita t&eacute;cnica ao Conselho Regional de Psicologia<\/a> apareceu primeiro em <a rel=\"nofollow\" href=\"http:\/\/www.uepb.edu.br\/\">UEPB<\/a>.<\/p>\n","protected":false},"author":25,"featured_media":0,"comment_status":"closed","ping_status":"closed","sticky":false,"template":"","format":"standard","meta":{"jetpack_post_was_ever_published":false,"_jetpack_newsletter_access":"","_jetpack_dont_email_post_to_subs":false,"_jetpack_newsletter_tier_id":0,"_jetpack_memberships_contains_paywalled_content":false,"_jetpack_memberships_contains_paid_content":false,"footnotes":"","jetpack_publicize_message":"","jetpack_publicize_feature_enabled":true,"jetpack_social_post_already_shared":true,"jetpack_social_options":{"image_generator_settings":{"template":"highway","default_image_id":0,"font":"","enabled":false},"version":2}},"categories":[8,5],"tags":[],"class_list":["post-40687","post","type-post","status-publish","format-standard","hentry","category-ccbs","category-noticias"],"jetpack_publicize_connections":[],"jetpack_featured_media_url":"","jetpack_sharing_enabled":true,"jetpack_shortlink":"https:\/\/wp.me\/p7WTD4-aAf","_links":{"self":[{"href":"https:\/\/centros.uepb.edu.br\/ccbs\/wp-json\/wp\/v2\/posts\/40687","targetHints":{"allow":["GET"]}}],"collection":[{"href":"https:\/\/centros.uepb.edu.br\/ccbs\/wp-json\/wp\/v2\/posts"}],"about":[{"href":"https:\/\/centros.uepb.edu.br\/ccbs\/wp-json\/wp\/v2\/types\/post"}],"author":[{"embeddable":true,"href":"https:\/\/centros.uepb.edu.br\/ccbs\/wp-json\/wp\/v2\/users\/25"}],"replies":[{"embeddable":true,"href":"https:\/\/centros.uepb.edu.br\/ccbs\/wp-json\/wp\/v2\/comments?post=40687"}],"version-history":[{"count":0,"href":"https:\/\/centros.uepb.edu.br\/ccbs\/wp-json\/wp\/v2\/posts\/40687\/revisions"}],"wp:attachment":[{"href":"https:\/\/centros.uepb.edu.br\/ccbs\/wp-json\/wp\/v2\/media?parent=40687"}],"wp:term":[{"taxonomy":"category","embeddable":true,"href":"https:\/\/centros.uepb.edu.br\/ccbs\/wp-json\/wp\/v2\/categories?post=40687"},{"taxonomy":"post_tag","embeddable":true,"href":"https:\/\/centros.uepb.edu.br\/ccbs\/wp-json\/wp\/v2\/tags?post=40687"}],"curies":[{"name":"wp","href":"https:\/\/api.w.org\/{rel}","templated":true}]}}