{"id":40420,"date":"2017-12-12T15:57:14","date_gmt":"2017-12-12T15:57:14","guid":{"rendered":"http:\/\/www.uepb.edu.br\/?p=37754"},"modified":"2017-12-12T15:57:14","modified_gmt":"2017-12-12T15:57:14","slug":"mais-de-200-alunos-apresentam-experiencias-na-7a-mostra-cientifica-e-4a-mostra-de-estagios-em-educacao-fisica","status":"publish","type":"post","link":"https:\/\/centros.uepb.edu.br\/ccbs\/mais-de-200-alunos-apresentam-experiencias-na-7a-mostra-cientifica-e-4a-mostra-de-estagios-em-educacao-fisica\/","title":{"rendered":"Mais de 200 alunos apresentam experi\u00eancias na 7\u00aa Mostra Cient\u00edfica e 4\u00aa Mostra de Est\u00e1gios em Educa\u00e7\u00e3o F\u00edsica"},"content":{"rendered":"<p><a href=\"http:\/\/www.uepb.edu.br\/mais-de-200-alunos-apresentam-experiencias-na-7a-mostra-cientifica-e-4a-mostra-de-estagios-em-educacao-fisica\/#gallery-37754-1-slideshow\">Clique para exibir o slide.<\/a><\/p>\n<p>Como culmin\u00e2ncia das atividades de sala de aulas realizadas no ano de 2017 e dos est\u00e1gios feitos nas escolas p\u00fablicas de Campina Grande pelos estudantes do 5\u00ba, 6\u00ba, 7\u00ba e 8\u00ba per\u00edodos, o Departamento de Educa\u00e7\u00e3o F\u00edsica (DEF) da Universidade Estadual da Para\u00edba (UEPB), est\u00e1 realizando a 7\u00aa Mostra Cient\u00edfica de Educa\u00e7\u00e3o F\u00edsica e a 4\u00aa Mostra de Est\u00e1gios. O DEF re\u00fane nas duas mostras mais de 200 alunos e dezenas de professores dos cursos de Licenciatura e de Bacharelado em Educa\u00e7\u00e3o F\u00edsica em torno da tem\u00e1tica \u201cProdu\u00e7\u00e3o do Conhecimento na Forma\u00e7\u00e3o em Educa\u00e7\u00e3o F\u00edsica\u201d.<\/p>\n<p>Mesas tem\u00e1ticas, palestras e exposi\u00e7\u00f5es de trabalhos em forma de banneres, al\u00e9m de defesas de Trabalhos de Conclus\u00e3o de Curso (TCC) dos graduandos em Educa\u00e7\u00e3o F\u00edsica, fazem parte da programa\u00e7\u00e3o que se estende at\u00e9 quinta-feira (14), das 8h \u00e0s 12h e das 13h \u00e0s 17h, no Gin\u00e1sio de Esportes e nas salas de aulas do Departamento.<\/p>\n<p>A abertura oficial das Mostras aconteceu na manh\u00e3 desta ter\u00e7a-feira (12) e contou com a presen\u00e7a da pr\u00f3-reitora Estudantil, professora N\u00fabia Nascimento; do chefe do Departamento de Educa\u00e7\u00e3o F\u00edsica, professor Jos\u00e9 Pereira; do pr\u00f3-reitor de Infraestrutura, professor \u00c1lvaro Luiz; da chefe adjunta do Departamento, professora D\u00f3ris N\u00f3brega; do coordenador de est\u00e1gios do DEF, professor Ivanildo Alc\u00e2ntara de Sousa; do coordenador da Licenciatura em Educa\u00e7\u00e3o F\u00edsica, professor Eduardo Ribeiro Dantas; do coordenador do Bacharelado, professor Coty Wanderley; al\u00e9m do coordenador de Esportes e Lazer da UEPB, professor Jos\u00e9 Eug\u00eanio Eloi Moura.<\/p>\n<p>Representante do reitor Rangel Junior no evento, a pr\u00f3-reitora N\u00fabia Nascimento parabenizou toda a equipe pelo empenho e os alunos pela dedica\u00e7\u00e3o nos est\u00e1gios. Ela destacou que o est\u00e1gio \u00e9 uma etapa importante na vida acad\u00eamica, visto que, por ser pedag\u00f3gico e cient\u00edfico, prepara o futuro profissional para enfrentar o mercado de trabalho. \u201cUma mostra como essa precisa ser valorizada. Realizar um est\u00e1gio n\u00e3o \u00e9 tarefa f\u00e1cil e requer muito esfor\u00e7o e determina\u00e7\u00e3o. Acompanhar uma turma de est\u00e1gio \u00e9 dif\u00edcil e \u00e1rduo. Os professores est\u00e3o de parab\u00e9ns\u201d, destacou.<\/p>\n<p>Coordenador geral das Mostras, o professor Ivanildo Alc\u00e2ntara de Sousa enfatizou que este ano o evento tomou uma propor\u00e7\u00e3o maior, como culmin\u00e2ncia dos relat\u00f3rios finais dos est\u00e1gios abordando diversos temas ligados ao curso. Chefe do Departamento, o professor Jos\u00e9 Pereira destacou a qualidade dos trabalhos apresentados e ressaltou que a produ\u00e7\u00e3o cient\u00edfica de alto n\u00edvel mostra como os alunos do DEF est\u00e3o sendo preparados para o mercado de trabalho. \u201cEssa mostra tem incentivado os alunos a produzir cientificamente os seus trabalhos. Muitos desses trabalhos s\u00e3o publicados em revistas especializadas nacional e internacional\u201d, frisou.<\/p>\n<p>A confer\u00eancia de abertura foi ministrada pela professora Maria de F\u00e1tima de Sousa, coordenadora geral de est\u00e1gios e dos programas acad\u00eamicos da Pr\u00f3-Reitoria de Gradua\u00e7\u00e3o da UEPB. Em sua palestra, ela destacou a import\u00e2ncia do est\u00e1gio supervisionado para os alunos em todas as modalidades e enfatizou que os alunos devem aproveitar o momento para aperfei\u00e7oar a t\u00e9cnica e colocar em pr\u00e1tica os conhecimentos de sala de aula, j\u00e1 na perspectiva do futuro mercado de trabalho. \u201cO Est\u00e1gio Supervisionado \u00e9 fundamental na vida dos alunos de Educa\u00e7\u00e3o F\u00edsica. \u00c9 uma conex\u00e3o te\u00f3rico-cient\u00edfica, associada a pr\u00e1tica que vai complementar toda a forma\u00e7\u00e3o acad\u00eamica do aluno para que ele possa ser um profissional e um cidad\u00e3o preparado\u201d, salientou.<\/p>\n<p>Durante a explana\u00e7\u00e3o, a professora tamb\u00e9m mostrou como ocorre toda a formulariza\u00e7\u00e3o necess\u00e1ria para os alunos chegarem ao campo de est\u00e1gio conforme preconiza a Lei 11.788\/2008. Maria de F\u00e1tima tamb\u00e9m fez uma abordagem em torno da prepara\u00e7\u00e3o do curr\u00edculo simplificado e como eles devem se comportar nas entrevistas para emprego. Ap\u00f3s a palestra, foi aberta a exposi\u00e7\u00e3o dos trabalhos em forma de banneres. No total, 25 pain\u00e9is foram expostos com resumo dos trabalhos realizados pelos alunos, sob a supervis\u00e3o dos professores do DEF, dentro da proposta de promover a divulga\u00e7\u00e3o da produ\u00e7\u00e3o acad\u00eamico-cient\u00edfica e cultural do curso e integra\u00e7\u00e3o dos alunos.<\/p>\n<p>Os est\u00e1gios supervisionados dos alunos em licenciatura, (Est\u00e1gio I &#8211; Educa\u00e7\u00e3o Infantil; Est\u00e1gio II &#8211; Ensino Fundamental; Est\u00e1gio III &#8211; Ensino M\u00e9dio; e Est\u00e1gio IV &#8211; campo n\u00e3o formal), s\u00e3o realizados em escolas p\u00fablicas, no EJA e nos ambientes quilombolas, enquanto os alunos do bacharelado estagiam nas academias. Nat\u00e1lia Pereira e Thalles Gutemberg s\u00e3o alunos do 5\u00ba per\u00edodo e realizaram o est\u00e1gio na Escola Centen\u00e1rio, no bairro do Catol\u00e9. Eles relataram que a experi\u00eancia foi extremamente gratificante, mas observaram alguns desafios encontrados para desenvolver o trabalho.<\/p>\n<p>Segundo Thales, os alunos do DEF tiveram dificuldade em aplicar o est\u00e1gio devido ao contexto social em que os alunos da escola estavam inseridos. \u201cMas com o passar do tempo, a experi\u00eancia foi melhorando e criamos v\u00ednculos com eles. Essa mostra se reveste de muita import\u00e2ncia, pois \u00e9 uma oportunidade de troca de experi\u00eancia e de vermos a teoria colocada em pr\u00e1tica\u201d, afirmou. Nat\u00e1lia Pereira tamb\u00e9m avaliou como proveitosa a Mostra que permite aos alunos colocar em pr\u00e1tica o aprendizado de sala de aula e conhecer os trabalhos de outros alunos. Sobre a experi\u00eancia em realizar o est\u00e1gio em uma escola p\u00fablica, ela relatou as dificuldades, principalmente, pelo fato de os alunos ainda estarem acostumados com uma Educa\u00e7\u00e3o F\u00edsica a moda antiga. \u201cTivemos dificuldade de implementar essa nova vis\u00e3o, que \u00e9 o professor dando aula te\u00f3rica e pr\u00e1tica\u201d, comentou.<\/p>\n<p><em><strong>Texto:<\/strong> Severino Lopes<\/em><br \/>\n<em><strong>Fotos:<\/strong> Edv\u00e2nia Barbosa<\/em><\/p>\n<p>O post <a rel=\"nofollow\" href=\"http:\/\/www.uepb.edu.br\/mais-de-200-alunos-apresentam-experiencias-na-7a-mostra-cientifica-e-4a-mostra-de-estagios-em-educacao-fisica\/\">Mais de 200 alunos apresentam experi\u00eancias na 7\u00aa Mostra Cient\u00edfica e 4\u00aa Mostra de Est\u00e1gios em Educa\u00e7\u00e3o F\u00edsica<\/a> apareceu primeiro em <a rel=\"nofollow\" href=\"http:\/\/www.uepb.edu.br\/\">UEPB<\/a>.<\/p>\n","protected":false},"excerpt":{"rendered":"<p>Como culmin&acirc;ncia das atividades de sala de aulas realizadas no ano de 2017 e dos est&aacute;gios feitos nas escolas p&uacute;blicas de Campina Grande pelos estudantes do 5&ordm;, 6&ordm;, 7&ordm; e 8&ordm; per&iacute;odos, o Departamento de Educa&ccedil;&atilde;o F&iacute;sica (DEF) da Universidade Estadual da Para&iacute;ba (UEPB), est&aacute; realizando a 7&ordf; Mostra Cient&iacute;fica de Educa&ccedil;&atilde;o F&iacute;sica e a <a href=\"http:\/\/www.uepb.edu.br\/mais-de-200-alunos-apresentam-experiencias-na-7a-mostra-cientifica-e-4a-mostra-de-estagios-em-educacao-fisica\/\">Leia Mais&#8230;<\/a><\/p>\n<p>O post <a rel=\"nofollow\" href=\"http:\/\/www.uepb.edu.br\/mais-de-200-alunos-apresentam-experiencias-na-7a-mostra-cientifica-e-4a-mostra-de-estagios-em-educacao-fisica\/\">Mais de 200 alunos apresentam experi&ecirc;ncias na 7&ordf; Mostra Cient&iacute;fica e 4&ordf; Mostra de Est&aacute;gios em Educa&ccedil;&atilde;o F&iacute;sica<\/a> apareceu primeiro em <a rel=\"nofollow\" href=\"http:\/\/www.uepb.edu.br\/\">UEPB<\/a>.<\/p>\n","protected":false},"author":25,"featured_media":0,"comment_status":"closed","ping_status":"closed","sticky":false,"template":"","format":"standard","meta":{"jetpack_post_was_ever_published":false,"_jetpack_newsletter_access":"","_jetpack_dont_email_post_to_subs":false,"_jetpack_newsletter_tier_id":0,"_jetpack_memberships_contains_paywalled_content":false,"_jetpack_memberships_contains_paid_content":false,"footnotes":"","jetpack_publicize_message":"","jetpack_publicize_feature_enabled":true,"jetpack_social_post_already_shared":true,"jetpack_social_options":{"image_generator_settings":{"template":"highway","default_image_id":0,"font":"","enabled":false},"version":2}},"categories":[8,5,13],"tags":[],"class_list":["post-40420","post","type-post","status-publish","format-standard","hentry","category-ccbs","category-noticias","category-noticias-destaque-img"],"jetpack_publicize_connections":[],"jetpack_featured_media_url":"","jetpack_sharing_enabled":true,"jetpack_shortlink":"https:\/\/wp.me\/p7WTD4-avW","_links":{"self":[{"href":"https:\/\/centros.uepb.edu.br\/ccbs\/wp-json\/wp\/v2\/posts\/40420","targetHints":{"allow":["GET"]}}],"collection":[{"href":"https:\/\/centros.uepb.edu.br\/ccbs\/wp-json\/wp\/v2\/posts"}],"about":[{"href":"https:\/\/centros.uepb.edu.br\/ccbs\/wp-json\/wp\/v2\/types\/post"}],"author":[{"embeddable":true,"href":"https:\/\/centros.uepb.edu.br\/ccbs\/wp-json\/wp\/v2\/users\/25"}],"replies":[{"embeddable":true,"href":"https:\/\/centros.uepb.edu.br\/ccbs\/wp-json\/wp\/v2\/comments?post=40420"}],"version-history":[{"count":0,"href":"https:\/\/centros.uepb.edu.br\/ccbs\/wp-json\/wp\/v2\/posts\/40420\/revisions"}],"wp:attachment":[{"href":"https:\/\/centros.uepb.edu.br\/ccbs\/wp-json\/wp\/v2\/media?parent=40420"}],"wp:term":[{"taxonomy":"category","embeddable":true,"href":"https:\/\/centros.uepb.edu.br\/ccbs\/wp-json\/wp\/v2\/categories?post=40420"},{"taxonomy":"post_tag","embeddable":true,"href":"https:\/\/centros.uepb.edu.br\/ccbs\/wp-json\/wp\/v2\/tags?post=40420"}],"curies":[{"name":"wp","href":"https:\/\/api.w.org\/{rel}","templated":true}]}}