{"id":37834,"date":"2017-10-16T10:30:08","date_gmt":"2017-10-16T10:30:08","guid":{"rendered":"http:\/\/www.uepb.edu.br\/?p=35722"},"modified":"2017-10-16T10:30:08","modified_gmt":"2017-10-16T10:30:08","slug":"seminario-psiped-2017-debatera-interfaces-entre-educacao-e-psicologia-na-atualidade-brasileira","status":"publish","type":"post","link":"https:\/\/centros.uepb.edu.br\/ccbs\/seminario-psiped-2017-debatera-interfaces-entre-educacao-e-psicologia-na-atualidade-brasileira\/","title":{"rendered":"Semin\u00e1rio PSIPED 2017 debater\u00e1 interfaces entre Educa\u00e7\u00e3o e Psicologia na atualidade brasileira"},"content":{"rendered":"<p>O Departamento de Psicologia da Universidade Estadual da Para\u00edba (UEPB) realizar\u00e1 no dia 29 de novembro a segunda edi\u00e7\u00e3o do Semin\u00e1rio Pr\u00e1tica Pedag\u00f3gica e Psicologia em Discuss\u00e3o (PSIPED). O evento tem como tema central \u201c\u00c9tica e Cidadania: interfaces entre a Educa\u00e7\u00e3o e a Psicologia na atualidade brasileira\u201d. As atividades do semin\u00e1rio ser\u00e3o desenvolvidas no Audit\u00f3rio do Departamento, no C\u00e2mpus de Bodocong\u00f3.<\/p>\n<p>Al\u00e9m da palestra com o tema central do evento, constam na programa\u00e7\u00e3o do PSIPED 2017 minicursos, exposi\u00e7\u00e3o de trabalhos e sess\u00f5es de Comunica\u00e7\u00e3o Oral. Os trabalhos a serem apresentados envolvem as modalidades palestra, minicursos, comunica\u00e7\u00e3o oral e poster. O prazo para submiss\u00e3o de trabalhos segue at\u00e9 o dia 10 de novembro.<\/p>\n<p>Os minicursos ofertados s\u00e3o: \u201cDe quem \u00e9 a responsabilidade? A queixa escolar sob a perspectiva da abordagem hist\u00f3rico-cultural\u201d, \u201cPerspectivas e desafios do psic\u00f3logo que est\u00e1 inserido nessa din\u00e2mica\u201d, \u201cAspectos psicol\u00f3gicos da aprendizagem, principais transtornos e poss\u00edveis manejos de atua\u00e7\u00e3o\u201d, \u201cDe Frankl \u00e0 Freire, para educar com sentido\u201d e \u201cSa\u00fade mental em profissionais da Educa\u00e7\u00e3o\u201d.\u00a0J\u00e1 os grupos de trabalho (GTs) abordar\u00e3o temas como \u201cAvalia\u00e7\u00e3o psicol\u00f3gica e Educa\u00e7\u00e3o\u201d, \u201cEduca\u00e7\u00e3o inclusiva\u201d, \u201cFam\u00edlia e escola\u201d, \u201cInterven\u00e7\u00f5es em psicologia escolar e educacional\u201d e \u201cSa\u00fade e Educa\u00e7\u00e3o\u201d.<\/p>\n<p>A programa\u00e7\u00e3o completa e outras informa\u00e7\u00f5es sobre o evento podem ser obtidas no site <a href=\"https:\/\/sistemas.uepb.edu.br\/iipsiped\/openconf.php\">https:\/\/sistemas.uepb.edu.br\/iipsiped\/<\/a>. A coordena\u00e7\u00e3o do evento, atrav\u00e9s da professora Fab\u00edola Gon\u00e7alves, tamb\u00e9m esclarece d\u00favidas e presta informa\u00e7\u00f5es sobre as atividades pelo email iipsiped2017@gmail.com.<\/p>\n<p>&nbsp;<\/p>\n<p><em><strong>Texto:<\/strong> Tatiana Brand\u00e3o<\/em><\/p>\n<p>O post <a rel=\"nofollow\" href=\"http:\/\/www.uepb.edu.br\/seminario-psiped-2017-debatera-interfaces-entre-educacao-e-psicologia-na-atualidade-brasileira\/\">Semin\u00e1rio PSIPED 2017 debater\u00e1 interfaces entre Educa\u00e7\u00e3o e Psicologia na atualidade brasileira<\/a> apareceu primeiro em <a rel=\"nofollow\" href=\"http:\/\/www.uepb.edu.br\/\">UEPB<\/a>.<\/p>\n","protected":false},"excerpt":{"rendered":"<p>O Departamento de Psicologia da Universidade Estadual da Para&iacute;ba (UEPB) realizar&aacute; no dia 29 de novembro a segunda edi&ccedil;&atilde;o do Semin&aacute;rio Pr&aacute;tica Pedag&oacute;gica e Psicologia em Discuss&atilde;o (PSIPED). O evento tem como tema central &ldquo;&Eacute;tica e Cidadania: interfaces entre a Educa&ccedil;&atilde;o e a Psicologia na atualidade brasileira&rdquo;. As atividades do semin&aacute;rio ser&atilde;o desenvolvidas no Audit&oacute;rio <a href=\"http:\/\/www.uepb.edu.br\/seminario-psiped-2017-debatera-interfaces-entre-educacao-e-psicologia-na-atualidade-brasileira\/\">Leia Mais&#8230;<\/a><\/p>\n<p>O post <a rel=\"nofollow\" href=\"http:\/\/www.uepb.edu.br\/seminario-psiped-2017-debatera-interfaces-entre-educacao-e-psicologia-na-atualidade-brasileira\/\">Semin&aacute;rio PSIPED 2017 debater&aacute; interfaces entre Educa&ccedil;&atilde;o e Psicologia na atualidade brasileira<\/a> apareceu primeiro em <a rel=\"nofollow\" href=\"http:\/\/www.uepb.edu.br\/\">UEPB<\/a>.<\/p>\n","protected":false},"author":25,"featured_media":0,"comment_status":"closed","ping_status":"closed","sticky":false,"template":"","format":"standard","meta":{"jetpack_post_was_ever_published":false,"_jetpack_newsletter_access":"","_jetpack_dont_email_post_to_subs":false,"_jetpack_newsletter_tier_id":0,"_jetpack_memberships_contains_paywalled_content":false,"_jetpack_memberships_contains_paid_content":false,"footnotes":"","jetpack_publicize_message":"","jetpack_publicize_feature_enabled":true,"jetpack_social_post_already_shared":true,"jetpack_social_options":{"image_generator_settings":{"template":"highway","default_image_id":0,"font":"","enabled":false},"version":2}},"categories":[15,8,5],"tags":[],"class_list":["post-37834","post","type-post","status-publish","format-standard","hentry","category-agend-noticias-destaque-img","category-ccbs","category-noticias"],"jetpack_publicize_connections":[],"jetpack_featured_media_url":"","jetpack_sharing_enabled":true,"jetpack_shortlink":"https:\/\/wp.me\/p7WTD4-9Qe","_links":{"self":[{"href":"https:\/\/centros.uepb.edu.br\/ccbs\/wp-json\/wp\/v2\/posts\/37834","targetHints":{"allow":["GET"]}}],"collection":[{"href":"https:\/\/centros.uepb.edu.br\/ccbs\/wp-json\/wp\/v2\/posts"}],"about":[{"href":"https:\/\/centros.uepb.edu.br\/ccbs\/wp-json\/wp\/v2\/types\/post"}],"author":[{"embeddable":true,"href":"https:\/\/centros.uepb.edu.br\/ccbs\/wp-json\/wp\/v2\/users\/25"}],"replies":[{"embeddable":true,"href":"https:\/\/centros.uepb.edu.br\/ccbs\/wp-json\/wp\/v2\/comments?post=37834"}],"version-history":[{"count":0,"href":"https:\/\/centros.uepb.edu.br\/ccbs\/wp-json\/wp\/v2\/posts\/37834\/revisions"}],"wp:attachment":[{"href":"https:\/\/centros.uepb.edu.br\/ccbs\/wp-json\/wp\/v2\/media?parent=37834"}],"wp:term":[{"taxonomy":"category","embeddable":true,"href":"https:\/\/centros.uepb.edu.br\/ccbs\/wp-json\/wp\/v2\/categories?post=37834"},{"taxonomy":"post_tag","embeddable":true,"href":"https:\/\/centros.uepb.edu.br\/ccbs\/wp-json\/wp\/v2\/tags?post=37834"}],"curies":[{"name":"wp","href":"https:\/\/api.w.org\/{rel}","templated":true}]}}