{"id":311871,"date":"2019-09-10T16:56:58","date_gmt":"2019-09-10T16:56:58","guid":{"rendered":"http:\/\/www.uepb.edu.br\/?p=51160"},"modified":"2019-09-10T16:56:58","modified_gmt":"2019-09-10T16:56:58","slug":"centro-academico-de-psicologia-e-nucleo-viktor-frankl-promovem-serie-de-atividades-sobre-saude-mental","status":"publish","type":"post","link":"https:\/\/centros.uepb.edu.br\/ccbs\/centro-academico-de-psicologia-e-nucleo-viktor-frankl-promovem-serie-de-atividades-sobre-saude-mental\/","title":{"rendered":"Centro Acad\u00eamico de Psicologia e N\u00facleo Viktor Frankl promovem s\u00e9rie de atividades sobre sa\u00fade mental"},"content":{"rendered":"<p>No m\u00eas da campanha de preven\u00e7\u00e3o ao suic\u00eddio, o Centro Acad\u00eamico de Psicologia &#8211; Gest\u00e3o  Psicodemocracia, junto com o N\u00facleo Viktor Frankl de Logoterapia e com apoio da Cl\u00ednica Escola de Psicologia da Universidade Estadual da Para\u00edba (UEPB), promove uma s\u00e9rie de eventos intitulada &#8220;Vamos falar sobre sa\u00fade&#8221;. A abertura acontece nesta ter\u00e7a (11), \u00e0s 9h, no hall da Central de Integra\u00e7\u00e3o Acad\u00eamica, no C\u00e2mpus de Bodocong\u00f3, em Campina Grande, quando ser\u00e1 ministrada a palestras &#8220;Sa\u00fade Mental no contexto universit\u00e1rio&#8221;, com a professora Lorena Bandeira Melo de S\u00e1, da UEPB.<\/p>\n<p>Al\u00e9m da palestra, ser\u00e3o prestadas informa\u00e7\u00f5es sobre o Plant\u00e3o Psicol\u00f3gico que \u00e9 oferecido \u00e0 comunidade campinense. Nos dias 24 e 26 de setembro, ser\u00e3o realizadas mesas redondas, no Audit\u00f3rio do Departamento de Psicologia, ambas com a finalidade de trabalhar a sa\u00fade mental para al\u00e9m do prisma universit\u00e1rio, abordando quatro \u00eanfases da psicologia (Cl\u00ednica, Educacional, Organizacional e Social) e a multidisciplinaridade da Psicologia.<\/p>\n<p>O post <a rel=\"nofollow\" href=\"http:\/\/www.uepb.edu.br\/centro-academico-de-psicologia-e-nucleo-viktor-frankl-promovem-serie-de-atividades-sobre-saude-mental\/\">Centro Acad\u00eamico de Psicologia e N\u00facleo Viktor Frankl promovem s\u00e9rie de atividades sobre sa\u00fade mental<\/a> apareceu primeiro em <a rel=\"nofollow\" href=\"http:\/\/www.uepb.edu.br\/\">UEPB<\/a>.<\/p>\n","protected":false},"excerpt":{"rendered":"<p>No m&ecirc;s da campanha de preven&ccedil;&atilde;o ao suic&iacute;dio, o Centro Acad&ecirc;mico de Psicologia &ndash; Gest&atilde;o Psicodemocracia, junto com o N&uacute;cleo Viktor Frankl de Logoterapia e com apoio da Cl&iacute;nica Escola de Psicologia da Universidade Estadual da Para&iacute;ba (UEPB), promove uma s&eacute;rie de eventos intitulada &ldquo;Vamos falar sobre sa&uacute;de&rdquo;. A abertura acontece nesta ter&ccedil;a (11), &agrave;s <a href=\"http:\/\/www.uepb.edu.br\/centro-academico-de-psicologia-e-nucleo-viktor-frankl-promovem-serie-de-atividades-sobre-saude-mental\/\">Leia Mais&#8230;<\/a><\/p>\n<p>O post <a rel=\"nofollow\" href=\"http:\/\/www.uepb.edu.br\/centro-academico-de-psicologia-e-nucleo-viktor-frankl-promovem-serie-de-atividades-sobre-saude-mental\/\">Centro Acad&ecirc;mico de Psicologia e N&uacute;cleo Viktor Frankl promovem s&eacute;rie de atividades sobre sa&uacute;de mental<\/a> apareceu primeiro em <a rel=\"nofollow\" href=\"http:\/\/www.uepb.edu.br\/\">UEPB<\/a>.<\/p>\n","protected":false},"author":25,"featured_media":0,"comment_status":"closed","ping_status":"closed","sticky":false,"template":"","format":"standard","meta":{"jetpack_post_was_ever_published":false,"_jetpack_newsletter_access":"","_jetpack_dont_email_post_to_subs":false,"_jetpack_newsletter_tier_id":0,"_jetpack_memberships_contains_paywalled_content":false,"_jetpack_memberships_contains_paid_content":false,"footnotes":"","jetpack_publicize_message":"","jetpack_publicize_feature_enabled":true,"jetpack_social_post_already_shared":true,"jetpack_social_options":{"image_generator_settings":{"template":"highway","default_image_id":0,"font":"","enabled":false},"version":2}},"categories":[8,5,10],"tags":[],"class_list":["post-311871","post","type-post","status-publish","format-standard","hentry","category-ccbs","category-noticias","category-noticias-destaque"],"jetpack_publicize_connections":[],"jetpack_featured_media_url":"","jetpack_sharing_enabled":true,"jetpack_shortlink":"https:\/\/wp.me\/p7WTD4-1j8b","_links":{"self":[{"href":"https:\/\/centros.uepb.edu.br\/ccbs\/wp-json\/wp\/v2\/posts\/311871","targetHints":{"allow":["GET"]}}],"collection":[{"href":"https:\/\/centros.uepb.edu.br\/ccbs\/wp-json\/wp\/v2\/posts"}],"about":[{"href":"https:\/\/centros.uepb.edu.br\/ccbs\/wp-json\/wp\/v2\/types\/post"}],"author":[{"embeddable":true,"href":"https:\/\/centros.uepb.edu.br\/ccbs\/wp-json\/wp\/v2\/users\/25"}],"replies":[{"embeddable":true,"href":"https:\/\/centros.uepb.edu.br\/ccbs\/wp-json\/wp\/v2\/comments?post=311871"}],"version-history":[{"count":0,"href":"https:\/\/centros.uepb.edu.br\/ccbs\/wp-json\/wp\/v2\/posts\/311871\/revisions"}],"wp:attachment":[{"href":"https:\/\/centros.uepb.edu.br\/ccbs\/wp-json\/wp\/v2\/media?parent=311871"}],"wp:term":[{"taxonomy":"category","embeddable":true,"href":"https:\/\/centros.uepb.edu.br\/ccbs\/wp-json\/wp\/v2\/categories?post=311871"},{"taxonomy":"post_tag","embeddable":true,"href":"https:\/\/centros.uepb.edu.br\/ccbs\/wp-json\/wp\/v2\/tags?post=311871"}],"curies":[{"name":"wp","href":"https:\/\/api.w.org\/{rel}","templated":true}]}}