{"id":306,"date":"2016-04-05T15:00:37","date_gmt":"2016-04-05T15:00:37","guid":{"rendered":"http:\/\/www.uepb.edu.br\/?p=25606"},"modified":"2016-04-05T15:00:37","modified_gmt":"2016-04-05T15:00:37","slug":"projeto-de-extensao-da-uepb-ajuda-a-melhorar-qualidade-de-vida-de-pacientes-com-alzheimer","status":"publish","type":"post","link":"https:\/\/centros.uepb.edu.br\/ccbs\/projeto-de-extensao-da-uepb-ajuda-a-melhorar-qualidade-de-vida-de-pacientes-com-alzheimer\/","title":{"rendered":"Projeto de extens\u00e3o da UEPB ajuda a melhorar qualidade de vida de pacientes com Alzheimer"},"content":{"rendered":"<p style=\"text-align: justify;\"><a href=\"http:\/\/www.uepb.edu.br\/wp-content\/uploads\/2016\/04\/alz2.jpg\" rel=\"attachment wp-att-25608\"><img loading=\"lazy\" decoding=\"async\" class=\"aligncenter size-full wp-image-25608 img-responsive img-responsive\" src=\"http:\/\/www.uepb.edu.br\/wp-content\/uploads\/2016\/04\/alz2.jpg\" alt=\"alz2\" width=\"840\" height=\"454\" srcset=\"http:\/\/www.uepb.edu.br\/wp-content\/uploads\/2016\/04\/alz2-300x162.jpg 300w, http:\/\/www.uepb.edu.br\/wp-content\/uploads\/2016\/04\/alz2-768x415.jpg 768w, http:\/\/www.uepb.edu.br\/wp-content\/uploads\/2016\/04\/alz2-370x200.jpg 370w, http:\/\/www.uepb.edu.br\/wp-content\/uploads\/2016\/04\/alz2.jpg 840w\" sizes=\"auto, (max-width: 840px) 100vw, 840px\" \/><\/a><\/p>\n<p style=\"text-align: justify;\">Um projeto de extens\u00e3o desenvolvido pelo Departamento de Fisioterapia da Universidade Estadual da Para\u00edba (UEPB) tem ajudado a melhorar a qualidade de vida dos pacientes acometidos do mal de Alzheimer. Batizado de \u201cNeurosard Alzheimer: cuidado do paciente com dem\u00eancia e seu cuidador\u201d, o projeto coordenado pela professora Val\u00e9ria Ribeiro Nogueira Barbosa consiste na assist\u00eancia gratuita aos portadores da doen\u00e7a de Campina Grande e regi\u00e3o. S\u00e3o sess\u00f5es de Fisioterapia que ajudam os pacientes a melhorarem os movimentos do corpo e a autoestima.<\/p>\n<p style=\"text-align: justify;\">Os atendimentos s\u00e3o realizados todas as ter\u00e7as, quintas e sextas-feiras, a partir das 14h, na Cl\u00ednica Escola de Fisioterapia, no Centro de Ci\u00eancias Biol\u00f3gicas e da Sa\u00fade (CCBS), C\u00e2mpus de Bodocong\u00f3. O projeto, em execu\u00e7\u00e3o desde 2013, trabalha com a parte de motricidade e cogni\u00e7\u00e3o. Dentro da parte de motricidade, s\u00e3o trabalhados o equil\u00edbrio, a for\u00e7a e o est\u00edmulo a pr\u00e1tica de atividades di\u00e1rias. Em rela\u00e7\u00e3o \u00e0 cogni\u00e7\u00e3o, s\u00e3o desenvolvidos testes para estimular os pacientes em atividades de mem\u00f3ria e identifica\u00e7\u00e3o de determinados objetos.<\/p>\n<p style=\"text-align: justify;\"><a href=\"http:\/\/www.uepb.edu.br\/wp-content\/uploads\/2016\/04\/alz6.jpg\" rel=\"attachment wp-att-25609\"><img loading=\"lazy\" decoding=\"async\" class=\"aligncenter size-full wp-image-25609 img-responsive img-responsive\" src=\"http:\/\/www.uepb.edu.br\/wp-content\/uploads\/2016\/04\/alz6.jpg\" alt=\"alz6\" width=\"840\" height=\"454\" srcset=\"http:\/\/www.uepb.edu.br\/wp-content\/uploads\/2016\/04\/alz6-300x162.jpg 300w, http:\/\/www.uepb.edu.br\/wp-content\/uploads\/2016\/04\/alz6-768x415.jpg 768w, http:\/\/www.uepb.edu.br\/wp-content\/uploads\/2016\/04\/alz6-370x200.jpg 370w, http:\/\/www.uepb.edu.br\/wp-content\/uploads\/2016\/04\/alz6.jpg 840w\" sizes=\"auto, (max-width: 840px) 100vw, 840px\" \/><\/a>Atualmente, 21 pacientes de Campina Grande, Lagoa Seca, Alagoa Nova, Esperan\u00e7a, Queimadas, entre outros munic\u00edpios, s\u00e3o assistidos pelo projeto. Os resultados t\u00eam surpreendido. Os pacientes, a maioria com idade acima dos 60 anos, t\u00eam ficado mais ativos, espertos e demonstrado maior vontade de viver. \u201cAo inv\u00e9s de ficarem em casa, muitas vezes apenas em frente da televis\u00e3o, eles est\u00e3o participando de atividades que ajudam a ter uma melhor qualidade de vida\u201d, destaca a professora Val\u00e9ria.<\/p>\n<p style=\"text-align: justify;\">Al\u00e9m das atividades desenvolvidas pelos alunos do Departamento de Fisioterapia, sob a coordena\u00e7\u00e3o de professores, muitos idosos tamb\u00e9m s\u00e3o assistidos pela neurocirurgi\u00e3 da Cl\u00ednica da UEPB, Gilma Serra Galdino. Isso ocorre quando eles chegam ao projeto sem o devido acompanhamento de um m\u00e9dico neurologista. Nesse caso, \u00e9 solicitada uma consulta com a neurocirurgi\u00e3.<\/p>\n<p style=\"text-align: justify;\">Segundo a professora Val\u00e9ria, boa parte da popula\u00e7\u00e3o idosa do pa\u00eds n\u00e3o sabe que possui a doen\u00e7a, sendo necess\u00e1rio mobilizar a popula\u00e7\u00e3o para a necessidade de um diagn\u00f3stico precoce, preven\u00e7\u00e3o e cuidados necess\u00e1rios. Prova disso \u00e9 que, no ano passado, a coordena\u00e7\u00e3o do \u201cNeurosard Alzheimer\u201d realizou uma a\u00e7\u00e3o educativa no Parque da Crian\u00e7a com o intuito de fornecer informa\u00e7\u00f5es sobre a doen\u00e7a. Em apenas um dia de a\u00e7\u00e3o, 150 pessoas foram avaliadas, das quais 40 foram atestadas com o Alzheimer.<\/p>\n<p style=\"text-align: justify;\"><a href=\"http:\/\/www.uepb.edu.br\/wp-content\/uploads\/2016\/04\/alz3.jpg\" rel=\"attachment wp-att-25610\"><img loading=\"lazy\" decoding=\"async\" class=\"aligncenter size-full wp-image-25610 img-responsive img-responsive\" src=\"http:\/\/www.uepb.edu.br\/wp-content\/uploads\/2016\/04\/alz3.jpg\" alt=\"alz3\" width=\"840\" height=\"454\" srcset=\"http:\/\/www.uepb.edu.br\/wp-content\/uploads\/2016\/04\/alz3-300x162.jpg 300w, http:\/\/www.uepb.edu.br\/wp-content\/uploads\/2016\/04\/alz3-768x415.jpg 768w, http:\/\/www.uepb.edu.br\/wp-content\/uploads\/2016\/04\/alz3-370x200.jpg 370w, http:\/\/www.uepb.edu.br\/wp-content\/uploads\/2016\/04\/alz3.jpg 840w\" sizes=\"auto, (max-width: 840px) 100vw, 840px\" \/><\/a>Cuidar de uma pessoa com Alzheimer \u00e9 um desafio para qualquer fam\u00edlia. As mudan\u00e7as s\u00e3o significativas e precisam ser compreendidas e incorporadas na rotina familiar. Por isso, o projeto da UEPB tamb\u00e9m presta assist\u00eancia aos \u201ccuidadores\u201d. Segundo a professora Val\u00e9ria Ribeiro, a maior carga de estresse \u00e9 do cuidador que precisa estar \u00e0 disposi\u00e7\u00e3o permanentemente do paciente.<\/p>\n<p style=\"text-align: justify;\">O Alzheimer \u00e9 a doen\u00e7a mais comum que provoca dem\u00eancia em idosos. No Brasil, a estimativa \u00e9 que, hoje, a doen\u00e7a atinja cerca de 1,2 milh\u00e3o de pessoas com mais de 65 anos e, segundo a Associa\u00e7\u00e3o Brasileira de Alzheimer (Abraz), esse n\u00famero tende a dobrar at\u00e9 2030. A professora Val\u00e9ria\u00a0 explica que a les\u00e3o do Alzheimer \u00e9 um processo lento e degenerativo e acontece em uma determinada regi\u00e3o do c\u00e9rebro que \u00e9 o \u201chipercampo\u201d. A doen\u00e7a tem tr\u00eas n\u00edveis: moderado, leve e grave. O comportamento do paciente vi\u00e1ria de acordo com cada n\u00edvel.\u00a0 Na Cl\u00ednica da UEPB, s\u00e3o assistidos os pacientes com a doen\u00e7a nos n\u00edveis leve e moderado. \u201cA Fisioterapia trabalha para retardar a piora da doen\u00e7a. Ela retarda o processo. A gente n\u00e3o impede, mas \u2018empurra para frente\u2019 os efeitos\u201d, ressalta a professora.<\/p>\n<p style=\"text-align: justify;\">Como se trata de um projeto de extens\u00e3o, a iniciativa tamb\u00e9m conta com a participa\u00e7\u00e3o de estudantes do curso de Fisioterapia. A cada semestre, pelo menos 12 estudantes s\u00e3o selecionados para ajudar a melhorar a qualidade de vida dos portadores de Alzheimer. Para isso, eles recebem treinamento com orienta\u00e7\u00f5es sobre como se comportar nos atendimentos.<\/p>\n<p style=\"text-align: justify;\"><strong>Texto:<\/strong> Severino Lopes<br \/>\n<strong>Fotos:<\/strong> Givaldo Cavalcanti<\/p>\n<p style=\"text-align: justify;\"><em>Confira mais fotos:<\/em><\/p>\n<p><a href=\"http:\/\/www.uepb.edu.br\/projeto-de-extensao-da-uepb-ajuda-melhorar-qualidade-de-vida-de-pacientes-com-alzheimer\/#gallery-25606-2-slideshow\">Clique para exibir o slide.<\/a><\/p>\n<p style=\"text-align: justify;\">\n<p>O post <a rel=\"nofollow\" href=\"http:\/\/www.uepb.edu.br\/projeto-de-extensao-da-uepb-ajuda-melhorar-qualidade-de-vida-de-pacientes-com-alzheimer\/\">Projeto de extens\u00e3o da UEPB ajuda a melhorar qualidade de vida de pacientes com Alzheimer<\/a> apareceu primeiro em <a rel=\"nofollow\" href=\"http:\/\/www.uepb.edu.br\/\">UEPB<\/a>.<\/p>\n","protected":false},"excerpt":{"rendered":"<p>Um projeto de extens&atilde;o desenvolvido pelo Departamento de Fisioterapia da Universidade Estadual da Para&iacute;ba (UEPB) tem ajudado a melhorar a qualidade de vida dos pacientes acometidos do mal de Alzheimer. Batizado de &ldquo;Neurosard Alzheimer: cuidado do paciente com dem&ecirc;ncia e seu cuidador&rdquo;, o projeto coordenado pela professora Val&eacute;ria Ribeiro Nogueira Barbosa consiste na assist&ecirc;ncia gratuita <a href=\"http:\/\/www.uepb.edu.br\/projeto-de-extensao-da-uepb-ajuda-melhorar-qualidade-de-vida-de-pacientes-com-alzheimer\/\">Leia Mais&#8230;<\/a><\/p>\n<p>O post <a rel=\"nofollow\" href=\"http:\/\/www.uepb.edu.br\/projeto-de-extensao-da-uepb-ajuda-melhorar-qualidade-de-vida-de-pacientes-com-alzheimer\/\">Projeto de extens&atilde;o da UEPB ajuda a melhorar qualidade de vida de pacientes com Alzheimer<\/a> apareceu primeiro em <a rel=\"nofollow\" href=\"http:\/\/www.uepb.edu.br\/\">UEPB<\/a>.<\/p>\n","protected":false},"author":26,"featured_media":0,"comment_status":"closed","ping_status":"closed","sticky":false,"template":"","format":"standard","meta":{"jetpack_post_was_ever_published":false,"_jetpack_newsletter_access":"","_jetpack_dont_email_post_to_subs":false,"_jetpack_newsletter_tier_id":0,"_jetpack_memberships_contains_paywalled_content":false,"_jetpack_memberships_contains_paid_content":false,"footnotes":"","jetpack_publicize_message":"","jetpack_publicize_feature_enabled":true,"jetpack_social_post_already_shared":false,"jetpack_social_options":{"image_generator_settings":{"template":"highway","default_image_id":0,"font":"","enabled":false},"version":2}},"categories":[8,5],"tags":[],"class_list":["post-306","post","type-post","status-publish","format-standard","hentry","category-ccbs","category-noticias"],"jetpack_publicize_connections":[],"jetpack_featured_media_url":"","jetpack_sharing_enabled":true,"jetpack_shortlink":"https:\/\/wp.me\/p7WTD4-4W","_links":{"self":[{"href":"https:\/\/centros.uepb.edu.br\/ccbs\/wp-json\/wp\/v2\/posts\/306","targetHints":{"allow":["GET"]}}],"collection":[{"href":"https:\/\/centros.uepb.edu.br\/ccbs\/wp-json\/wp\/v2\/posts"}],"about":[{"href":"https:\/\/centros.uepb.edu.br\/ccbs\/wp-json\/wp\/v2\/types\/post"}],"author":[{"embeddable":true,"href":"https:\/\/centros.uepb.edu.br\/ccbs\/wp-json\/wp\/v2\/users\/26"}],"replies":[{"embeddable":true,"href":"https:\/\/centros.uepb.edu.br\/ccbs\/wp-json\/wp\/v2\/comments?post=306"}],"version-history":[{"count":0,"href":"https:\/\/centros.uepb.edu.br\/ccbs\/wp-json\/wp\/v2\/posts\/306\/revisions"}],"wp:attachment":[{"href":"https:\/\/centros.uepb.edu.br\/ccbs\/wp-json\/wp\/v2\/media?parent=306"}],"wp:term":[{"taxonomy":"category","embeddable":true,"href":"https:\/\/centros.uepb.edu.br\/ccbs\/wp-json\/wp\/v2\/categories?post=306"},{"taxonomy":"post_tag","embeddable":true,"href":"https:\/\/centros.uepb.edu.br\/ccbs\/wp-json\/wp\/v2\/tags?post=306"}],"curies":[{"name":"wp","href":"https:\/\/api.w.org\/{rel}","templated":true}]}}