{"id":26,"date":"2013-08-01T12:55:00","date_gmt":"2013-08-01T12:55:00","guid":{"rendered":"\/ccbs\/?p=26"},"modified":"2013-10-15T19:14:25","modified_gmt":"2013-10-15T19:14:25","slug":"departamento-de-educacao-fisica-divulga-horarios-de-funcionamento-de-projetos-e-programas","status":"publish","type":"post","link":"https:\/\/centros.uepb.edu.br\/ccbs\/departamento-de-educacao-fisica-divulga-horarios-de-funcionamento-de-projetos-e-programas\/","title":{"rendered":"Departamento de Educa\u00e7\u00e3o F\u00edsica divulga hor\u00e1rios de funcionamento de projetos e programas"},"content":{"rendered":"<p>O Departamento de Educa\u00e7\u00e3o F\u00edsica (DEF) da Universidade Estadual da Para\u00edba (UEPB) divulgou a grade com os hor\u00e1rios de funcionamento de projetos e programas desenvolvidos na Academia Escola da Institui\u00e7\u00e3o. Conforme o cronograma, a Academia Escola recebe equipes das iniciativas de segunda a sexta-feira, nos hor\u00e1rios da manh\u00e3 e tarde.<\/p>\n<p>O projeto Cultura Corporal em Aux\u00edlio \u00e0 Sa\u00fade, coordenado pelo professor Francisco das Chagas Costa, realiza atividades nas segundas, quartas e sextas, \u00e0s 8h, 9h e 10h. O programa Sa\u00fade, Esporte e Lazer, que tem como coordenadora a professora Anny Sionara, desenvolve seus trabalhos nas ter\u00e7as e quintas, nos hor\u00e1rios de 7h30, 8h30, 13h30 e 14h30.<\/p>\n<p>J\u00e1 os programas Universidade Aberta no Tempo Livre e o Viva a Velhice com Plenitude, coordenados, respectivamente, pelas docentes Maria Goretti da Cunha Lisboa e Jozilma de Medeiros Gonzaga, atuam na Academia Escola nas segundas, quartas e sextas, \u00e0s 15h. E o projeto UEPB em Movimento, coordenador pelo professor Josenaldo Lopes Dias, executa suas atividades nas segundas e quintas, \u00e0s 12h e \u00e0s 17h.<\/p>\n<p>Outras informa\u00e7\u00f5es podem ser obtidas atrav\u00e9s do telefone (83) 3315-3470.<\/p>\n<p>Confira os <a href=\"http:\/\/www.uepb.edu.br\/download\/outros_documentos_2013\/COMUNICADO%20Educa%C3%A7%C3%A3o%20F%C3%ADsica.xls\">hor\u00e1rios<\/a>.<\/p>\n","protected":false},"excerpt":{"rendered":"<p>O Departamento de Educa\u00e7\u00e3o F\u00edsica (DEF) da Universidade Estadual da Para\u00edba (UEPB) divulgou a grade com os hor\u00e1rios de funcionamento de projetos e programas desenvolvidos na Academia Escola da Institui\u00e7\u00e3o. Conforme o cronograma, a Academia Escola recebe equipes das iniciativas de segunda a sexta-feira, nos hor\u00e1rios da manh\u00e3 e tarde. O projeto Cultura Corporal em <a class=\"leiamais\" href=\"https:\/\/centros.uepb.edu.br\/ccbs\/departamento-de-educacao-fisica-divulga-horarios-de-funcionamento-de-projetos-e-programas\/\">Leia Mais&#8230;<\/a><\/p>\n","protected":false},"author":1,"featured_media":0,"comment_status":"open","ping_status":"open","sticky":false,"template":"","format":"standard","meta":{"jetpack_post_was_ever_published":false,"_jetpack_newsletter_access":"","_jetpack_dont_email_post_to_subs":false,"_jetpack_newsletter_tier_id":0,"_jetpack_memberships_contains_paywalled_content":false,"_jetpack_memberships_contains_paid_content":false,"footnotes":"","jetpack_publicize_message":"","jetpack_publicize_feature_enabled":true,"jetpack_social_post_already_shared":false,"jetpack_social_options":{"image_generator_settings":{"template":"highway","default_image_id":0,"font":"","enabled":false},"version":2}},"categories":[5],"tags":[],"class_list":["post-26","post","type-post","status-publish","format-standard","hentry","category-noticias"],"jetpack_publicize_connections":[],"jetpack_featured_media_url":"","jetpack_sharing_enabled":true,"jetpack_shortlink":"https:\/\/wp.me\/p7WTD4-q","_links":{"self":[{"href":"https:\/\/centros.uepb.edu.br\/ccbs\/wp-json\/wp\/v2\/posts\/26","targetHints":{"allow":["GET"]}}],"collection":[{"href":"https:\/\/centros.uepb.edu.br\/ccbs\/wp-json\/wp\/v2\/posts"}],"about":[{"href":"https:\/\/centros.uepb.edu.br\/ccbs\/wp-json\/wp\/v2\/types\/post"}],"author":[{"embeddable":true,"href":"https:\/\/centros.uepb.edu.br\/ccbs\/wp-json\/wp\/v2\/users\/1"}],"replies":[{"embeddable":true,"href":"https:\/\/centros.uepb.edu.br\/ccbs\/wp-json\/wp\/v2\/comments?post=26"}],"version-history":[{"count":0,"href":"https:\/\/centros.uepb.edu.br\/ccbs\/wp-json\/wp\/v2\/posts\/26\/revisions"}],"wp:attachment":[{"href":"https:\/\/centros.uepb.edu.br\/ccbs\/wp-json\/wp\/v2\/media?parent=26"}],"wp:term":[{"taxonomy":"category","embeddable":true,"href":"https:\/\/centros.uepb.edu.br\/ccbs\/wp-json\/wp\/v2\/categories?post=26"},{"taxonomy":"post_tag","embeddable":true,"href":"https:\/\/centros.uepb.edu.br\/ccbs\/wp-json\/wp\/v2\/tags?post=26"}],"curies":[{"name":"wp","href":"https:\/\/api.w.org\/{rel}","templated":true}]}}