{"id":195738,"date":"2019-05-22T10:18:14","date_gmt":"2019-05-22T10:18:14","guid":{"rendered":"http:\/\/www.uepb.edu.br\/?p=48132"},"modified":"2019-05-22T10:18:14","modified_gmt":"2019-05-22T10:18:14","slug":"prorrogadas-inscricoes-para-formacao-de-nova-turma-da-especializacao-em-educacao-fisica-escolar","status":"publish","type":"post","link":"https:\/\/centros.uepb.edu.br\/ccbs\/prorrogadas-inscricoes-para-formacao-de-nova-turma-da-especializacao-em-educacao-fisica-escolar\/","title":{"rendered":"Prorrogadas inscri\u00e7\u00f5es para forma\u00e7\u00e3o de nova turma da Especializa\u00e7\u00e3o em Educa\u00e7\u00e3o F\u00edsica Escolar"},"content":{"rendered":"<p>A Universidade Estadual da Para\u00edba (UEPB) est\u00e1 ofertando 40 vagas para forma\u00e7\u00e3o de nova turma da Especializa\u00e7\u00e3o em Educa\u00e7\u00e3o F\u00edsica Escolar. As inscri\u00e7\u00f5es est\u00e3o sendo realizadas at\u00e9 a pr\u00f3xima sexta-feira (24), das 7h30 \u00e0s 11h30 e das 13h \u00e0s 17h, na Secretaria do Curso de Especializa\u00e7\u00e3o, localizada no Departamento de Educa\u00e7\u00e3o F\u00edsica, no C\u00e2mpus de Bodocong\u00f3, em Campina Grande.<\/p>\n<p>O requisito b\u00e1sico para participar do processo seletivo \u00e9 ser licenciado em Educa\u00e7\u00e3o F\u00edsica. Para se inscrever, o interessado deve apresentar <strong><a href=\"https:\/\/cpcon.uepb.edu.br\/forms\/responderFormulario\/212\"  rel=\"noreferrer noopener\" aria-label=\"formul\u00e1rio de inscri\u00e7\u00e3o (opens in a new tab)\">formul\u00e1rio de inscri\u00e7\u00e3o<\/a><\/strong> devidamente preenchido, Curr\u00edculo Lattes ou Vitae com documenta\u00e7\u00e3o comprobat\u00f3ria, c\u00f3pias de RG e CPF, c\u00f3pia do Diploma ou da declara\u00e7\u00e3o de conclus\u00e3o do curso de gradua\u00e7\u00e3o, uma foto 3&#215;4 recente e tr\u00eas c\u00f3pias da carta de inten\u00e7\u00e3o.<\/p>\n<p>A sele\u00e7\u00e3o constar\u00e1 de prova escrita de conhecimento espec\u00edfico (eliminat\u00f3ria), an\u00e1lise da carta de inten\u00e7\u00e3o (classificat\u00f3ria) e an\u00e1lise de curr\u00edculo (classificat\u00f3ria). O resultado final ser\u00e1 divulgado no dia 4 de junho. As matr\u00edculas dos aprovados acontecem no dia 7 , mesmo dia que ter\u00e3o in\u00edcio as aulas do curso.  O edital completo pode ser conferido clicando <strong><a href=\"http:\/\/www.uepb.edu.br\/download\/3_cursos_p%C3%93s-gradua%C3%87%C3%83o_-_sele%C3%87%C3%83o\/Especializacao-em-Educacao-Fisica-Escolar-Edital-Retificado_2.pdf\"  rel=\"noreferrer noopener\" aria-label=\"AQUI (opens in a new tab)\">AQUI<\/a><\/strong>. Outras informa\u00e7\u00f5es podem ser obtidas pelos telefones (83) 3315-3454 e 3315-3455.<\/p>\n<p><em><strong>Texto:<\/strong> Tatiana Brand\u00e3o<\/em><\/p>\n<p>O post <a rel=\"nofollow\" href=\"http:\/\/www.uepb.edu.br\/prorrogadas-inscricoes-para-formacao-de-nova-turma-da-especializacao-em-educacao-fisica-escolar\/\">Prorrogadas inscri\u00e7\u00f5es para forma\u00e7\u00e3o de nova turma da Especializa\u00e7\u00e3o em Educa\u00e7\u00e3o F\u00edsica Escolar<\/a> apareceu primeiro em <a rel=\"nofollow\" href=\"http:\/\/www.uepb.edu.br\/\">UEPB<\/a>.<\/p>\n","protected":false},"excerpt":{"rendered":"<p>A Universidade Estadual da Para&iacute;ba (UEPB) est&aacute; ofertando 40 vagas para forma&ccedil;&atilde;o de nova turma da Especializa&ccedil;&atilde;o em Educa&ccedil;&atilde;o F&iacute;sica Escolar. As inscri&ccedil;&otilde;es est&atilde;o sendo realizadas at&eacute; a pr&oacute;xima sexta-feira (24), das 7h30 &agrave;s 11h30 e das 13h &agrave;s 17h, na Secretaria do Curso de Especializa&ccedil;&atilde;o, localizada no Departamento de Educa&ccedil;&atilde;o F&iacute;sica, no C&acirc;mpus de <a href=\"http:\/\/www.uepb.edu.br\/prorrogadas-inscricoes-para-formacao-de-nova-turma-da-especializacao-em-educacao-fisica-escolar\/\">Leia Mais&#8230;<\/a><\/p>\n<p>O post <a rel=\"nofollow\" href=\"http:\/\/www.uepb.edu.br\/prorrogadas-inscricoes-para-formacao-de-nova-turma-da-especializacao-em-educacao-fisica-escolar\/\">Prorrogadas inscri&ccedil;&otilde;es para forma&ccedil;&atilde;o de nova turma da Especializa&ccedil;&atilde;o em Educa&ccedil;&atilde;o F&iacute;sica Escolar<\/a> apareceu primeiro em <a rel=\"nofollow\" href=\"http:\/\/www.uepb.edu.br\/\">UEPB<\/a>.<\/p>\n","protected":false},"author":25,"featured_media":0,"comment_status":"closed","ping_status":"closed","sticky":false,"template":"","format":"standard","meta":{"jetpack_post_was_ever_published":false,"_jetpack_newsletter_access":"","_jetpack_dont_email_post_to_subs":false,"_jetpack_newsletter_tier_id":0,"_jetpack_memberships_contains_paywalled_content":false,"_jetpack_memberships_contains_paid_content":false,"footnotes":"","jetpack_publicize_message":"","jetpack_publicize_feature_enabled":true,"jetpack_social_post_already_shared":true,"jetpack_social_options":{"image_generator_settings":{"template":"highway","default_image_id":0,"font":"","enabled":false},"version":2}},"categories":[8,5],"tags":[],"class_list":["post-195738","post","type-post","status-publish","format-standard","hentry","category-ccbs","category-noticias"],"jetpack_publicize_connections":[],"jetpack_featured_media_url":"","jetpack_sharing_enabled":true,"jetpack_shortlink":"https:\/\/wp.me\/p7WTD4-OV4","_links":{"self":[{"href":"https:\/\/centros.uepb.edu.br\/ccbs\/wp-json\/wp\/v2\/posts\/195738","targetHints":{"allow":["GET"]}}],"collection":[{"href":"https:\/\/centros.uepb.edu.br\/ccbs\/wp-json\/wp\/v2\/posts"}],"about":[{"href":"https:\/\/centros.uepb.edu.br\/ccbs\/wp-json\/wp\/v2\/types\/post"}],"author":[{"embeddable":true,"href":"https:\/\/centros.uepb.edu.br\/ccbs\/wp-json\/wp\/v2\/users\/25"}],"replies":[{"embeddable":true,"href":"https:\/\/centros.uepb.edu.br\/ccbs\/wp-json\/wp\/v2\/comments?post=195738"}],"version-history":[{"count":0,"href":"https:\/\/centros.uepb.edu.br\/ccbs\/wp-json\/wp\/v2\/posts\/195738\/revisions"}],"wp:attachment":[{"href":"https:\/\/centros.uepb.edu.br\/ccbs\/wp-json\/wp\/v2\/media?parent=195738"}],"wp:term":[{"taxonomy":"category","embeddable":true,"href":"https:\/\/centros.uepb.edu.br\/ccbs\/wp-json\/wp\/v2\/categories?post=195738"},{"taxonomy":"post_tag","embeddable":true,"href":"https:\/\/centros.uepb.edu.br\/ccbs\/wp-json\/wp\/v2\/tags?post=195738"}],"curies":[{"name":"wp","href":"https:\/\/api.w.org\/{rel}","templated":true}]}}