{"id":17400,"date":"2016-11-08T11:58:48","date_gmt":"2016-11-08T11:58:48","guid":{"rendered":"https:\/\/centros.uepb.edu.br\/ccbs\/?p=17400"},"modified":"2016-11-08T11:58:48","modified_gmt":"2016-11-08T11:58:48","slug":"coordenacao-do-mestrado-em-saude-publica-informa-sobre-data-de-divulgacao-do-edital-da-selecao-2017","status":"publish","type":"post","link":"https:\/\/centros.uepb.edu.br\/ccbs\/coordenacao-do-mestrado-em-saude-publica-informa-sobre-data-de-divulgacao-do-edital-da-selecao-2017\/","title":{"rendered":"Coordena\u00e7\u00e3o do Mestrado em Sa\u00fade P\u00fablica informa sobre data de divulga\u00e7\u00e3o do edital da sele\u00e7\u00e3o 2017"},"content":{"rendered":"<p>A Coordena\u00e7\u00e3o do Programa de P\u00f3s-Gradua\u00e7\u00e3o em Sa\u00fade P\u00fablica da Universidade Estadual da Para\u00edba (UEPB) informa que o edital do processo seletivo para a turma 2017 ser\u00e1 publicado at\u00e9 o dia 5 de dezembro de 2016. As inscri\u00e7\u00f5es ficar\u00e3o abertas de dezembro at\u00e9 dia 8 de fevereiro de 2017, sendo as provas objetiva e dissertativa aplicadas no dia 22 de mar\u00e7o e as entrevistas realizadas de 24 a 28 de abril.<\/p>\n<p>O resultado final do processo ser\u00e1 publicado no dia 5 de maio, com in\u00edcio das aulas previsto para o m\u00eas de junho, quando ser\u00e1 iniciado o per\u00edodo 2017.1 dos cursos de gradua\u00e7\u00e3o. Ainda para ajustar o calend\u00e1rio de atividades do mestrado, est\u00e1 prevista a realiza\u00e7\u00e3o de outro processo seletivo, no final do ano de 2017, com edital sendo publicado a partir do m\u00eas de outubro.<\/p>\n","protected":false},"excerpt":{"rendered":"<p>A Coordena\u00e7\u00e3o do Programa de P\u00f3s-Gradua\u00e7\u00e3o em Sa\u00fade P\u00fablica da Universidade Estadual da Para\u00edba (UEPB) informa que o edital do processo seletivo para a turma 2017 ser\u00e1 publicado at\u00e9 o dia 5 de dezembro de 2016. As inscri\u00e7\u00f5es ficar\u00e3o abertas de dezembro at\u00e9 dia 8 de fevereiro de 2017, sendo as provas objetiva e dissertativa <a class=\"leiamais\" href=\"https:\/\/centros.uepb.edu.br\/ccbs\/coordenacao-do-mestrado-em-saude-publica-informa-sobre-data-de-divulgacao-do-edital-da-selecao-2017\/\">Leia Mais&#8230;<\/a><\/p>\n","protected":false},"author":25,"featured_media":0,"comment_status":"closed","ping_status":"closed","sticky":false,"template":"","format":"standard","meta":{"jetpack_post_was_ever_published":false,"_jetpack_newsletter_access":"","_jetpack_dont_email_post_to_subs":false,"_jetpack_newsletter_tier_id":0,"_jetpack_memberships_contains_paywalled_content":false,"_jetpack_memberships_contains_paid_content":false,"footnotes":"","jetpack_publicize_message":"","jetpack_publicize_feature_enabled":true,"jetpack_social_post_already_shared":true,"jetpack_social_options":{"image_generator_settings":{"template":"highway","default_image_id":0,"font":"","enabled":false},"version":2}},"categories":[8,5],"tags":[],"class_list":["post-17400","post","type-post","status-publish","format-standard","hentry","category-ccbs","category-noticias"],"jetpack_publicize_connections":[],"jetpack_featured_media_url":"","jetpack_sharing_enabled":true,"jetpack_shortlink":"https:\/\/wp.me\/p7WTD4-4wE","_links":{"self":[{"href":"https:\/\/centros.uepb.edu.br\/ccbs\/wp-json\/wp\/v2\/posts\/17400","targetHints":{"allow":["GET"]}}],"collection":[{"href":"https:\/\/centros.uepb.edu.br\/ccbs\/wp-json\/wp\/v2\/posts"}],"about":[{"href":"https:\/\/centros.uepb.edu.br\/ccbs\/wp-json\/wp\/v2\/types\/post"}],"author":[{"embeddable":true,"href":"https:\/\/centros.uepb.edu.br\/ccbs\/wp-json\/wp\/v2\/users\/25"}],"replies":[{"embeddable":true,"href":"https:\/\/centros.uepb.edu.br\/ccbs\/wp-json\/wp\/v2\/comments?post=17400"}],"version-history":[{"count":0,"href":"https:\/\/centros.uepb.edu.br\/ccbs\/wp-json\/wp\/v2\/posts\/17400\/revisions"}],"wp:attachment":[{"href":"https:\/\/centros.uepb.edu.br\/ccbs\/wp-json\/wp\/v2\/media?parent=17400"}],"wp:term":[{"taxonomy":"category","embeddable":true,"href":"https:\/\/centros.uepb.edu.br\/ccbs\/wp-json\/wp\/v2\/categories?post=17400"},{"taxonomy":"post_tag","embeddable":true,"href":"https:\/\/centros.uepb.edu.br\/ccbs\/wp-json\/wp\/v2\/tags?post=17400"}],"curies":[{"name":"wp","href":"https:\/\/api.w.org\/{rel}","templated":true}]}}